{"id":216,"date":"2026-08-04T17:19:27","date_gmt":"2026-08-04T16:19:27","guid":{"rendered":"https:\/\/nublo.tv\/?p=216"},"modified":"2026-08-04T17:19:27","modified_gmt":"2026-08-04T16:19:27","slug":"plan-de-empleo-para-unidades-familiares-sin-recursos-2026","status":"publish","type":"post","link":"https:\/\/nublo.tv\/index.php\/2026\/08\/04\/plan-de-empleo-para-unidades-familiares-sin-recursos-2026\/","title":{"rendered":"Plan de Empleo para Unidades Familiares sin Recursos 2026"},"content":{"rendered":"<p><strong>Apertura del plazo de presentaci\u00f3n de solicitudes al Programa de Colaboraci\u00f3n con los Ayuntamientos de Gran Canaria para la ejecuci\u00f3n de un Plan de Empleo para Unidades Familiares sin Recursos \u2013 Anualidad 2026.<\/strong><\/p>\n<p>El Ayuntamiento de Tejeda informa de la apertura del plazo para la presentaci\u00f3n de solicitudes de las personas interesadas en participar en el procedimiento de valoraci\u00f3n de candidaturas correspondiente al <strong>Programa de Colaboraci\u00f3n con los Ayuntamientos de Gran Canaria para la ejecuci\u00f3n de un Plan de Empleo para Unidades Familiares sin Recursos \u2013 Anualidad 2026<\/strong>, promovido por el Cabildo de Gran Canaria.<\/p>\n<p><strong>\u00bfQui\u00e9n puede presentar solicitud?<br \/><\/strong>Podr\u00e1n presentar solicitud las personas que consideren reunir, entre otros, los siguientes requisitos:<\/p>\n<p><strong>Documentaci\u00f3n a presentar<br \/><\/strong>Junto con la instancia normalizada deber\u00e1 aportarse la documentaci\u00f3n indicada en la misma para permitir la comprobaci\u00f3n del cumplimiento de los requisitos exigidos. Entre otra, podr\u00e1 requerirse:<\/p>\n<p><strong>Lugar de presentaci\u00f3n<br \/><\/strong>Las solicitudes podr\u00e1n presentarse en el <strong>Registro General del Ayuntamiento de Tejeda<\/strong>, en horario de atenci\u00f3n al p\u00fablico, o por cualquiera de los medios previstos en la Ley 39\/2015, de 1 de octubre, del Procedimiento Administrativo Com\u00fan de las Administraciones P\u00fablicas.<\/p>\n<p><strong>Plazo de presentaci\u00f3n<br \/><\/strong><strong>Hasta el d\u00eda 21 de agosto de 2026<\/strong>, inclusive.<\/p>\n<p><strong>Informaci\u00f3n importante<br \/><\/strong><strong>La presentaci\u00f3n de la solicitud no supone la contrataci\u00f3n ni genera derecho alguno a ser contratado\/a.<\/strong> Su finalidad es permitir al Ayuntamiento comprobar el cumplimiento de los requisitos establecidos en las bases reguladoras del Programa y disponer de la informaci\u00f3n necesaria para la posterior tramitaci\u00f3n del procedimiento, cuya selecci\u00f3n definitiva corresponde al Servicio Canario de Empleo y al Ayuntamiento de Tejeda conforme a las bases reguladoras.<\/p>\n<p>\u00ae 2026 Ayuntamiento de Tejeda | <a href=\"https:\/\/lospueblosmasbonitosdeespana.org\/pueblos\/tejeda\" target=\"_blank\" rel=\"noopener\">Uno de los Pueblos m\u00e1s Bonitos de Espa\u00f1a<\/a><\/p>\n","protected":false},"excerpt":{"rendered":"<p>Apertura del plazo de presentaci\u00f3n de solicitudes al Programa de Colaboraci\u00f3n con los Ayuntamientos de Gran Canaria para la ejecuci\u00f3n de un Plan de Empleo para Unidades Familiares sin Recursos&hellip;<\/p>\n","protected":false},"author":19,"featured_media":218,"comment_status":"open","ping_status":"open","sticky":false,"template":"","format":"standard","meta":{"wpai_generated_summary":"","wpai_meta_description":"","footnotes":""},"categories":[139],"tags":[],"class_list":["post-216","post","type-post","status-publish","format-standard","has-post-thumbnail","hentry","category-ayuntamiento-de-tejeda"],"_links":{"self":[{"href":"https:\/\/nublo.tv\/index.php\/wp-json\/wp\/v2\/posts\/216","targetHints":{"allow":["GET"]}}],"collection":[{"href":"https:\/\/nublo.tv\/index.php\/wp-json\/wp\/v2\/posts"}],"about":[{"href":"https:\/\/nublo.tv\/index.php\/wp-json\/wp\/v2\/types\/post"}],"author":[{"embeddable":true,"href":"https:\/\/nublo.tv\/index.php\/wp-json\/wp\/v2\/users\/19"}],"replies":[{"embeddable":true,"href":"https:\/\/nublo.tv\/index.php\/wp-json\/wp\/v2\/comments?post=216"}],"version-history":[{"count":1,"href":"https:\/\/nublo.tv\/index.php\/wp-json\/wp\/v2\/posts\/216\/revisions"}],"predecessor-version":[{"id":427,"href":"https:\/\/nublo.tv\/index.php\/wp-json\/wp\/v2\/posts\/216\/revisions\/427"}],"wp:featuredmedia":[{"embeddable":true,"href":"https:\/\/nublo.tv\/index.php\/wp-json\/wp\/v2\/media\/218"}],"wp:attachment":[{"href":"https:\/\/nublo.tv\/index.php\/wp-json\/wp\/v2\/media?parent=216"}],"wp:term":[{"taxonomy":"category","embeddable":true,"href":"https:\/\/nublo.tv\/index.php\/wp-json\/wp\/v2\/categories?post=216"},{"taxonomy":"post_tag","embeddable":true,"href":"https:\/\/nublo.tv\/index.php\/wp-json\/wp\/v2\/tags?post=216"}],"curies":[{"name":"wp","href":"https:\/\/api.w.org\/{rel}","templated":true}]}}