{"id":22,"date":"2026-08-04T17:35:23","date_gmt":"2026-08-04T16:35:23","guid":{"rendered":"https:\/\/nublo.tv\/?p=22"},"modified":"2026-08-04T17:35:23","modified_gmt":"2026-08-04T16:35:23","slug":"galdar-estrena-las-dos-pistas-de-padel-rehabilitadas-de-la-ciudad-deportiva-venancio-monzon","status":"publish","type":"post","link":"https:\/\/nublo.tv\/index.php\/2026\/08\/04\/galdar-estrena-las-dos-pistas-de-padel-rehabilitadas-de-la-ciudad-deportiva-venancio-monzon\/","title":{"rendered":"G\u00e1ldar estrena las dos pistas de p\u00e1del rehabilitadas de la Ciudad Deportiva Venancio Monz\u00f3n"},"content":{"rendered":"<p>El Ayuntamiento de G\u00e1ldar ha inaugurado este jueves las dos pistas de p\u00e1del superiores de la Ciudad Deportiva Venancio Monz\u00f3n Mendoza, en San Isidro, tras culminar los trabajos de rehabilitaci\u00f3n impulsados por la Concejal\u00eda de Actividad F\u00edsica, Deporte y Salud. La actuaci\u00f3n, que ha supuesto una inversi\u00f3n de 30.570 euros, permite poner nuevamente a disposici\u00f3n de los usuarios unas instalaciones completamente renovadas para la pr\u00e1ctica de una de las disciplinas deportivas con mayor crecimiento en el municipio.<\/p>\n<p>La intervenci\u00f3n ha consistido en la nivelaci\u00f3n del pavimento, la instalaci\u00f3n de un nuevo c\u00e9sped y una nueva red, adem\u00e1s de la reparaci\u00f3n integral del vallado perimetral, de la cristalera y de la colocaci\u00f3n de alumbrado led, mejorando tanto la seguridad como la calidad de juego. Ya se pueden realizar reservas en la web https:\/\/reservasdeportivas.galdar.es.<\/p>\n<p>El alcalde de G\u00e1ldar, Teodoro Sosa, destac\u00f3 que \u00abseguimos dando pasos para mejorar nuestras infraestructuras deportivas y ofrecer instalaciones de calidad a los miles de usuarios que hacen uso de ellas cada semana. El deporte es una prioridad para este Ayuntamiento porque contribuye a mejorar la salud y la calidad de vida de nuestros vecinos. Esta actuaci\u00f3n no ser\u00e1 la \u00faltima, ya que ya estamos trabajando para acometer la renovaci\u00f3n de las dos pistas restantes y continuar modernizando la Ciudad Deportiva Venancio Monz\u00f3n con nuevos proyectos como es la ampliaci\u00f3n del gimnasio\u00bb.<\/p>\n<p>Por su parte, el concejal de Actividad F\u00edsica, Deporte y Salud, Ancor Bola\u00f1os, se\u00f1al\u00f3 que \u00abel p\u00e1del vive un momento de enorme crecimiento y es uno de los deportes con mayor demanda en el norte de Gran Canaria. Era una actuaci\u00f3n muy esperada por nuestros usuarios, que merec\u00edan contar con unas pistas en las mejores condiciones posibles. Con esta rehabilitaci\u00f3n respondemos a esa demanda y seguimos apostando por ampliar y mejorar la oferta deportiva municipal\u00bb.<\/p>\n","protected":false},"excerpt":{"rendered":"<p>El Ayuntamiento de G\u00e1ldar ha inaugurado este jueves las dos pistas de p\u00e1del superiores de la Ciudad Deportiva Venancio Monz\u00f3n Mendoza, en San Isidro, tras culminar los trabajos de rehabilitaci\u00f3n&hellip;<\/p>\n","protected":false},"author":2,"featured_media":23,"comment_status":"open","ping_status":"open","sticky":false,"template":"","format":"standard","meta":{"wpai_generated_summary":"","wpai_meta_description":"","footnotes":""},"categories":[129],"tags":[],"class_list":["post-22","post","type-post","status-publish","format-standard","has-post-thumbnail","hentry","category-ayuntamiento-de-galdar"],"_links":{"self":[{"href":"https:\/\/nublo.tv\/index.php\/wp-json\/wp\/v2\/posts\/22","targetHints":{"allow":["GET"]}}],"collection":[{"href":"https:\/\/nublo.tv\/index.php\/wp-json\/wp\/v2\/posts"}],"about":[{"href":"https:\/\/nublo.tv\/index.php\/wp-json\/wp\/v2\/types\/post"}],"author":[{"embeddable":true,"href":"https:\/\/nublo.tv\/index.php\/wp-json\/wp\/v2\/users\/2"}],"replies":[{"embeddable":true,"href":"https:\/\/nublo.tv\/index.php\/wp-json\/wp\/v2\/comments?post=22"}],"version-history":[{"count":1,"href":"https:\/\/nublo.tv\/index.php\/wp-json\/wp\/v2\/posts\/22\/revisions"}],"predecessor-version":[{"id":501,"href":"https:\/\/nublo.tv\/index.php\/wp-json\/wp\/v2\/posts\/22\/revisions\/501"}],"wp:featuredmedia":[{"embeddable":true,"href":"https:\/\/nublo.tv\/index.php\/wp-json\/wp\/v2\/media\/23"}],"wp:attachment":[{"href":"https:\/\/nublo.tv\/index.php\/wp-json\/wp\/v2\/media?parent=22"}],"wp:term":[{"taxonomy":"category","embeddable":true,"href":"https:\/\/nublo.tv\/index.php\/wp-json\/wp\/v2\/categories?post=22"},{"taxonomy":"post_tag","embeddable":true,"href":"https:\/\/nublo.tv\/index.php\/wp-json\/wp\/v2\/tags?post=22"}],"curies":[{"name":"wp","href":"https:\/\/api.w.org\/{rel}","templated":true}]}}