{"id":2259,"date":"2026-08-07T07:19:15","date_gmt":"2026-08-07T06:19:15","guid":{"rendered":"http:\/\/nublo.tv\/?p=2259"},"modified":"2026-08-07T07:37:09","modified_gmt":"2026-08-07T06:37:09","slug":"guia-sigue-celebrando-sus-fiestas-de-la-virgen-con-un-dia-dedicado-a-la-infancia","status":"publish","type":"post","link":"https:\/\/nublo.tv\/index.php\/2026\/08\/07\/guia-sigue-celebrando-sus-fiestas-de-la-virgen-con-un-dia-dedicado-a-la-infancia\/","title":{"rendered":"Gu\u00eda sigue celebrando sus Fiestas de la Virgen con un d\u00eda dedicado a la infancia"},"content":{"rendered":"<p>Gu\u00eda contin\u00faa viviendo intensamente sus Fiestas de la Virgen con una programaci\u00f3n pensada para todas las edades y que, en la jornada de hoy, tuvo a la infancia como gran protagonista.<\/p>\n<p>Desde las cinco de la tarde, decenas de ni\u00f1os y ni\u00f1as, acompa\u00f1ados por sus familias, disfrutaron de una tarde de diversi\u00f3n con los castillos hinchables instalados en los alrededores de las plazas y el frontis de la iglesia matriz, donde, al igual que en d\u00edas anteriores, se dieron cita decenas de ni\u00f1as y ni\u00f1os con muchas ganas de divertirse.<\/p>\n<p><img loading=\"lazy\" decoding=\"async\" class=\" wp-image-54798 aligncenter\" src=\"https:\/\/santamariadeguia.es\/wp-content\/uploads\/2026\/08\/55447208865_af2a7e1133_k-300x200.jpg\" alt=\"\" width=\"608\" height=\"405\" \/><\/p>\n<p>Ya por la noche, el p\u00fablico llen\u00f3 la Plaza Grande para asistir al espect\u00e1culo musical <em>Una Aventura en el Oc\u00e9ano, Tributo a Vaiana<\/em>, una propuesta que hizo disfrutar tanto a los ni\u00f1os como a los adultos gracias a una puesta en escena repleta de teatro, m\u00fasica y danza.<\/p>\n<p>Detr\u00e1s de esta producci\u00f3n, se encuentra Enrale Producciones, de Samuel Perera y Yesenia Perera, responsables de un espect\u00e1culo que recrea una de las pel\u00edculas de animaci\u00f3n m\u00e1s aclamadas de Disney. Con un cuidado vestuario, una escenograf\u00eda envolvente, coreograf\u00edas, voces en directo y una gran interacci\u00f3n con el p\u00fablico, <em>Una<\/em> <em>Aventura en el Oc\u00e9ano<\/em> traslad\u00f3 a los asistentes al universo de Vaiana, convirtiendo la noche en una experiencia inolvidable para toda la familia.<\/p>\n<p>El elenco est\u00e1 integrado por los actores y actrices Alba Rodr\u00edguez, Saulo Trujillo, Aron Tucker, Mar\u00eda Quintana, Jos\u00e9 Oliva, Natt Monroy y Yesenia Perera, quienes dieron vida a los principales personajes de esta adaptaci\u00f3n, conquistando a los peque\u00f1os con sus canciones y unos di\u00e1logos que invitan a reflexionar sobre el cuidado del mar, la tierra y los seres vivos.<\/p>\n<p>Desde su estreno, Enrale Producciones ha llevado esta adaptaci\u00f3n de la exitosa franquicia de Disney a numerosos municipios del archipi\u00e9lago, entre ellos La Oliva, Arrecife, Arona, Moya, Maspalomas, Santa Br\u00edgida, Bre\u00f1a Baja y, ahora, Gu\u00eda, acercando este espect\u00e1culo familiar a miles de espectadores en las islas.<\/p>\n<p>El programa festivo contin\u00faa ma\u00f1ana. Todos los actos pueden consultarse en el programa de las Fiestas de la Virgen 2026.<\/p>\n<p>&nbsp;<\/p>\n\n\n<a data-flickr-embed=\"true\" href=\"https:\/\/www.flickr.com\/photos\/195490293@N07\/albums\/72177720335017152\" title=\"Una Aventura en el Oc\u00e9ano. Tributo a Vaiana\"><img loading=\"lazy\" decoding=\"async\" src=\"https:\/\/live.staticflickr.com\/65535\/55447469049_60d455c051_b.jpg\" width=\"1024\" height=\"768\" alt=\"Una Aventura en el Oc\u00e9ano. Tributo a Vaiana\"\/><\/a><script async src=\"\/\/embedr.flickr.com\/assets\/client-code.js\" charset=\"utf-8\"><\/script>\n","protected":false},"excerpt":{"rendered":"<p>Gu\u00eda contin\u00faa viviendo intensamente sus Fiestas de la Virgen con una programaci\u00f3n pensada para todas las edades y que, en la jornada de hoy, tuvo a la infancia como gran&hellip;<\/p>\n","protected":false},"author":1,"featured_media":2260,"comment_status":"open","ping_status":"open","sticky":false,"template":"","format":"standard","meta":{"wpai_generated_summary":"","wpai_meta_description":"","footnotes":""},"categories":[138],"tags":[],"class_list":["post-2259","post","type-post","status-publish","format-standard","has-post-thumbnail","hentry","category-ayuntamiento-de-santa-maria-de-guia"],"_links":{"self":[{"href":"https:\/\/nublo.tv\/index.php\/wp-json\/wp\/v2\/posts\/2259","targetHints":{"allow":["GET"]}}],"collection":[{"href":"https:\/\/nublo.tv\/index.php\/wp-json\/wp\/v2\/posts"}],"about":[{"href":"https:\/\/nublo.tv\/index.php\/wp-json\/wp\/v2\/types\/post"}],"author":[{"embeddable":true,"href":"https:\/\/nublo.tv\/index.php\/wp-json\/wp\/v2\/users\/1"}],"replies":[{"embeddable":true,"href":"https:\/\/nublo.tv\/index.php\/wp-json\/wp\/v2\/comments?post=2259"}],"version-history":[{"count":3,"href":"https:\/\/nublo.tv\/index.php\/wp-json\/wp\/v2\/posts\/2259\/revisions"}],"predecessor-version":[{"id":2310,"href":"https:\/\/nublo.tv\/index.php\/wp-json\/wp\/v2\/posts\/2259\/revisions\/2310"}],"wp:featuredmedia":[{"embeddable":true,"href":"https:\/\/nublo.tv\/index.php\/wp-json\/wp\/v2\/media\/2260"}],"wp:attachment":[{"href":"https:\/\/nublo.tv\/index.php\/wp-json\/wp\/v2\/media?parent=2259"}],"wp:term":[{"taxonomy":"category","embeddable":true,"href":"https:\/\/nublo.tv\/index.php\/wp-json\/wp\/v2\/categories?post=2259"},{"taxonomy":"post_tag","embeddable":true,"href":"https:\/\/nublo.tv\/index.php\/wp-json\/wp\/v2\/tags?post=2259"}],"curies":[{"name":"wp","href":"https:\/\/api.w.org\/{rel}","templated":true}]}}