{"id":2261,"date":"2026-08-07T07:19:06","date_gmt":"2026-08-07T06:19:06","guid":{"rendered":"http:\/\/nublo.tv\/?p=2261"},"modified":"2026-08-27T12:35:26","modified_gmt":"2026-08-27T11:35:26","slug":"el-alcalde-de-arucas-recibe-al-nuevo-coronel-jefe-de-la-agrupacion-del-cuartel-general-del-mando-aereo-en-canarias","status":"publish","type":"post","link":"https:\/\/nublo.tv\/index.php\/2026\/08\/07\/el-alcalde-de-arucas-recibe-al-nuevo-coronel-jefe-de-la-agrupacion-del-cuartel-general-del-mando-aereo-en-canarias\/","title":{"rendered":"El alcalde de Arucas recibe al nuevo coronel jefe de la Agrupaci\u00f3n del Cuartel General del Mando A\u00e9reo en Canarias"},"content":{"rendered":"<div><img decoding=\"async\" src=\"http:\/\/www.arucas.org\/documentos\/noticia_mando_aereo_en_canarias.jpg\" style=\"width: 100%\" \/><\/p>\n<div><img decoding=\"async\" src=\"http:\/\/www.arucas.org\/documentos\/noticia_mando_aereo_en_canarias.jpg\" alt=\"Imagen relacionada\" style=\"max-width: 100%\" \/><\/p>\n<p style=\"text-align: justify\"><strong>El coronel, Juan Jes\u00fas Ruiz Centeno, tom\u00f3 posesi\u00f3n de su cargo el pasado 14 de julio.<\/strong><\/p>\n<\/div>\n<\/div>\n<p>El alcalde de Arucas, Juan Jes\u00fas Facundo, ha recibido este jueves, junto al concejal de Aguas, Jos\u00e9 Lorenzo Montesdeoca, la visita del recientemente nombrado coronel jefe de la Agrupaci\u00f3n del Cuartel General del Mando A\u00e9reo de Canarias (ACGMACAN) y Acuartelamiento A\u00e9reo de Las Palmas, Juan Jes\u00fas Ruiz Centeno.<\/p>\n<p>Este encuentro ha servido como toma de contacto de la m\u00e1xima autoridad del Ej\u00e9rcito del Aire en Canarias y las autoridades municipales. Juan Jes\u00fas Ruiz Centeno tom\u00f3 posesi\u00f3n de su nuevo cargo el pasado 16 de julio, en las dependencias del Mando A\u00e9reo de Canarias, en Las Palmas de Gran Canaria.<\/p>\n<p>El primer edil ha agradecido al coronel su visita al municipio de Arucas, una reuni\u00f3n en la que los titulares de ambas instituciones han mantenido una charla distendida y expresado su deseo de colaboraci\u00f3n entre las entidades a las que representan.<\/p>\n","protected":false},"excerpt":{"rendered":"<p>El coronel, Juan Jes\u00fas Ruiz Centeno, tom\u00f3 posesi\u00f3n de su cargo el pasado 14 de julio.<\/p>\n","protected":false},"author":1,"featured_media":2262,"comment_status":"open","ping_status":"open","sticky":false,"template":"","format":"standard","meta":{"wpai_generated_summary":"","wpai_meta_description":"","footnotes":""},"categories":[127],"tags":[],"class_list":["post-2261","post","type-post","status-publish","format-standard","has-post-thumbnail","hentry","category-ayuntamiento-de-arucas"],"_links":{"self":[{"href":"https:\/\/nublo.tv\/index.php\/wp-json\/wp\/v2\/posts\/2261","targetHints":{"allow":["GET"]}}],"collection":[{"href":"https:\/\/nublo.tv\/index.php\/wp-json\/wp\/v2\/posts"}],"about":[{"href":"https:\/\/nublo.tv\/index.php\/wp-json\/wp\/v2\/types\/post"}],"author":[{"embeddable":true,"href":"https:\/\/nublo.tv\/index.php\/wp-json\/wp\/v2\/users\/1"}],"replies":[{"embeddable":true,"href":"https:\/\/nublo.tv\/index.php\/wp-json\/wp\/v2\/comments?post=2261"}],"version-history":[{"count":1,"href":"https:\/\/nublo.tv\/index.php\/wp-json\/wp\/v2\/posts\/2261\/revisions"}],"predecessor-version":[{"id":2290,"href":"https:\/\/nublo.tv\/index.php\/wp-json\/wp\/v2\/posts\/2261\/revisions\/2290"}],"wp:featuredmedia":[{"embeddable":true,"href":"https:\/\/nublo.tv\/index.php\/wp-json\/wp\/v2\/media\/2262"}],"wp:attachment":[{"href":"https:\/\/nublo.tv\/index.php\/wp-json\/wp\/v2\/media?parent=2261"}],"wp:term":[{"taxonomy":"category","embeddable":true,"href":"https:\/\/nublo.tv\/index.php\/wp-json\/wp\/v2\/categories?post=2261"},{"taxonomy":"post_tag","embeddable":true,"href":"https:\/\/nublo.tv\/index.php\/wp-json\/wp\/v2\/tags?post=2261"}],"curies":[{"name":"wp","href":"https:\/\/api.w.org\/{rel}","templated":true}]}}