{"id":228,"date":"2026-08-04T17:37:06","date_gmt":"2026-08-04T16:37:06","guid":{"rendered":"https:\/\/nublo.tv\/?p=228"},"modified":"2026-08-04T17:37:06","modified_gmt":"2026-08-04T16:37:06","slug":"programa-dinamiza-rural-2026-municipio-de-tejeda","status":"publish","type":"post","link":"https:\/\/nublo.tv\/index.php\/2026\/08\/04\/programa-dinamiza-rural-2026-municipio-de-tejeda\/","title":{"rendered":"Programa \u201cDinamiza Rural\u201d 2026 \u2013 Municipio de Tejeda"},"content":{"rendered":"<p dir=\"ltr\">El Ayuntamiento de Tejeda, a trav\u00e9s de la concejal\u00eda de Mercado Agr\u00edcola y Artesanal, participa en el programa <em>\u201cDinamiza Rural\u201d,<\/em> promovido por GMR Canarias (Gobierno de Canarias) dentro de la iniciativa <strong><em>\u201cDesarrollo rural sostenible de los municipios de menos de 10.000 habitantes de Canarias 2026\u201d.<\/em><\/strong><\/p>\n<p dir=\"ltr\">En el marco de este programa, el municipio desarrollar\u00e1 tres actuaciones orientadas a la promoci\u00f3n del producto local, la gastronom\u00eda y la dinamizaci\u00f3n econ\u00f3mica del entorno rural, contando cada una de ellas con una financiaci\u00f3n de 15.000,00 euros, lo que supone una inversi\u00f3n total de 45.000,00 euros.<\/p>\n<p dir=\"ltr\"><strong>Mercado Gastron\u00f3mico \u201cTejeda, paisaje y producto local\u201d (5 de septiembre de 2026)<\/strong><\/p>\n<p dir=\"ltr\">Esta iniciativa busca conectar el paisaje, la gastronom\u00eda y los productos aut\u00f3ctonos de Tejeda mediante un mercado de productores locales, demostraciones gastron\u00f3micas y actividades culturales. El evento pretende impulsar la econom\u00eda local y promocionar la identidad del municipio a trav\u00e9s de sus recursos naturales y gastron\u00f3micos.<\/p>\n<p dir=\"ltr\"><strong>\u201cTejeda en Copa\u201d (del 25 de septiembre al 1 de noviembre de 2026)<\/strong><\/p>\n<p dir=\"ltr\">Es un programa de formaci\u00f3n y divulgaci\u00f3n sobre la cultura del vino canario que se celebrar\u00e1 del 25 de septiembre al 1 de noviembre de 2026. La iniciativa busca fomentar la profesionalizaci\u00f3n del sector y acercar al p\u00fablico el patrimonio vitivin\u00edcola de Canarias. El programa culminar\u00e1 el 1 de noviembre con un evento final que incluir\u00e1 concursos de cata a ciegas, encuentro de bodegas y actividades de promoci\u00f3n y degustaci\u00f3n, en el marco de la celebraci\u00f3n de la Fiesta del Vino.<\/p>\n<p dir=\"ltr\">Estas acciones reflejan el compromiso del Ayuntamiento de Tejeda con el desarrollo sostenible del medio rural, el fortalecimiento del tejido econ\u00f3mico local y la promoci\u00f3n de los productos y tradiciones del municipio.<\/p>\n<p dir=\"ltr\"><strong>Feria Km.0 Gran Canaria\u00ae (14 y 15 de noviembre de 2026)<\/strong><\/p>\n<p dir=\"ltr\">Esta acci\u00f3n tiene como finalidad promover los productos de cercan\u00eda, frescos y de calidad, fomentando el consumo responsable y el apoyo al sector primario local. La feria contribuye a reforzar la visibilidad de los productores y a poner en valor los beneficios sociales, econ\u00f3micos y ambientales asociados al consumo de productos Km.0.<\/p>\n<p>\u00ae 2026 Ayuntamiento de Tejeda | <a href=\"https:\/\/lospueblosmasbonitosdeespana.org\/pueblos\/tejeda\" target=\"_blank\" rel=\"noopener\">Uno de los Pueblos m\u00e1s Bonitos de Espa\u00f1a<\/a><\/p>\n","protected":false},"excerpt":{"rendered":"<p>El Ayuntamiento de Tejeda, a trav\u00e9s de la concejal\u00eda de Mercado Agr\u00edcola y Artesanal, participa en el programa \u201cDinamiza Rural\u201d, promovido por GMR Canarias (Gobierno de Canarias) dentro de la&hellip;<\/p>\n","protected":false},"author":19,"featured_media":230,"comment_status":"open","ping_status":"open","sticky":false,"template":"","format":"standard","meta":{"wpai_generated_summary":"","wpai_meta_description":"","footnotes":""},"categories":[139],"tags":[],"class_list":["post-228","post","type-post","status-publish","format-standard","has-post-thumbnail","hentry","category-ayuntamiento-de-tejeda"],"_links":{"self":[{"href":"https:\/\/nublo.tv\/index.php\/wp-json\/wp\/v2\/posts\/228","targetHints":{"allow":["GET"]}}],"collection":[{"href":"https:\/\/nublo.tv\/index.php\/wp-json\/wp\/v2\/posts"}],"about":[{"href":"https:\/\/nublo.tv\/index.php\/wp-json\/wp\/v2\/types\/post"}],"author":[{"embeddable":true,"href":"https:\/\/nublo.tv\/index.php\/wp-json\/wp\/v2\/users\/19"}],"replies":[{"embeddable":true,"href":"https:\/\/nublo.tv\/index.php\/wp-json\/wp\/v2\/comments?post=228"}],"version-history":[{"count":1,"href":"https:\/\/nublo.tv\/index.php\/wp-json\/wp\/v2\/posts\/228\/revisions"}],"predecessor-version":[{"id":560,"href":"https:\/\/nublo.tv\/index.php\/wp-json\/wp\/v2\/posts\/228\/revisions\/560"}],"wp:featuredmedia":[{"embeddable":true,"href":"https:\/\/nublo.tv\/index.php\/wp-json\/wp\/v2\/media\/230"}],"wp:attachment":[{"href":"https:\/\/nublo.tv\/index.php\/wp-json\/wp\/v2\/media?parent=228"}],"wp:term":[{"taxonomy":"category","embeddable":true,"href":"https:\/\/nublo.tv\/index.php\/wp-json\/wp\/v2\/categories?post=228"},{"taxonomy":"post_tag","embeddable":true,"href":"https:\/\/nublo.tv\/index.php\/wp-json\/wp\/v2\/tags?post=228"}],"curies":[{"name":"wp","href":"https:\/\/api.w.org\/{rel}","templated":true}]}}