{"id":2312,"date":"2026-08-07T08:22:11","date_gmt":"2026-08-07T07:22:11","guid":{"rendered":"https:\/\/nublo.tv\/?p=2312"},"modified":"2026-08-07T08:22:11","modified_gmt":"2026-08-07T07:22:11","slug":"endesa-instala-una-nueva-linea-subterranea-en-teror-que-mejora-el-suministro-electrico","status":"publish","type":"post","link":"https:\/\/nublo.tv\/index.php\/2026\/08\/07\/endesa-instala-una-nueva-linea-subterranea-en-teror-que-mejora-el-suministro-electrico\/","title":{"rendered":"Endesa instala una nueva l\u00ednea subterr\u00e1nea en Teror que mejora el suministro el\u00e9ctrico"},"content":{"rendered":"<p><strong>La empresa el\u00e9ctrica a trav\u00e9s de e-distribuci\u00f3n invierte casi un mill\u00f3n de euros en mejorar el servicio que beneficiar\u00e1 a m\u00e1s de 2.000 clientes del municipio.<\/strong><\/p>\n<p>La empresa Endesa, a trav\u00e9s de <em>e-distribuci\u00f3n<\/em>, su filial de Redes, ha instalado en Teror una nueva l\u00ednea subterr\u00e1nea de media tensi\u00f3n de 1.140 metros de longitud entre dos centros de transformaci\u00f3n, procediendo adem\u00e1s a la reforma de ambas estaciones.<\/p>\n<p>Para la ejecuci\u00f3n del proyecto, Endesa ha invertido 988.000 \u20ac, que mejorar\u00e1 el servicio a un total de 2.064 clientes de Teror, seg\u00fan informa la entidad.<\/p>\n<p><a href=\"https:\/\/teror.es\/wp-content\/uploads\/2026\/08\/07_obra-Endesa1.jpg\"><img loading=\"lazy\" decoding=\"async\" class=\"alignright size-vp_sm wp-image-98800\" src=\"https:\/\/teror.es\/wp-content\/uploads\/2026\/08\/07_obra-Endesa1-500x301.jpg\" alt=\"\" width=\"500\" height=\"301\" \/><\/a>En concreto, la potencia total instalada es de 5.240 KVA (kilovoltamperios). El objetivo principal del proyecto ha sido incrementar la seguridad, fiabilidad y calidad del suministro el\u00e9ctrico mediante la instalaci\u00f3n de un nuevo circuito subterr\u00e1neo y la modernizaci\u00f3n de los centros de transformaci\u00f3n existentes.<\/p>\n<p>La obra se ha ejecutado en las calles Luj\u00e1n P\u00e9rez, Paseo Gonz\u00e1lez D\u00edaz, Calle San Mat\u00edas, Avenida Monse\u00f1or, Socorro Lantigua, Virgen de Lourdes y Camino Viejo de El Hoyo. Durante la obra, la empresa ha cuidado al m\u00e1ximo el valor patrimonial del municipio, evitando da\u00f1os e los elementos hist\u00f3ricos por donde transcurre el cableado. La compa\u00f1\u00eda el\u00e9ctrica cont\u00f3 en todo momento con la colaboraci\u00f3n del Ayuntamiento de Teror a la hora de tramitar los detalles administrativos de este proyecto.<\/p>\n<p>Endesa es la compa\u00f1\u00eda el\u00e9ctrica l\u00edder en Espa\u00f1a y la segunda de Portugal. Adem\u00e1s, es el segundo operador gasista del mercado espa\u00f1ol. Desarrolla un negocio integrado de generaci\u00f3n, distribuci\u00f3n y comercializaci\u00f3n el\u00e9ctrica, y ofrece servicios de valor a\u00f1adido orientados a la electrificaci\u00f3n de los usos energ\u00e9ticos de hogares, empresas y administraciones p\u00fablicas. Endesa est\u00e1 comprometida con los ODS de Naciones Unidas y la responsabilidad social corporativa.<\/p>\n<p>&nbsp;<\/p>\n","protected":false},"excerpt":{"rendered":"<p>La empresa el\u00e9ctrica a trav\u00e9s de e-distribuci\u00f3n invierte casi un mill\u00f3n de euros en mejorar el servicio que beneficiar\u00e1 a m\u00e1s de 2.000 clientes del municipio. La empresa Endesa, a&hellip;<\/p>\n","protected":false},"author":1,"featured_media":2313,"comment_status":"open","ping_status":"open","sticky":false,"template":"","format":"standard","meta":{"wpai_generated_summary":"","wpai_meta_description":"","footnotes":""},"categories":[141],"tags":[],"class_list":["post-2312","post","type-post","status-publish","format-standard","has-post-thumbnail","hentry","category-ayuntamiento-de-teror"],"_links":{"self":[{"href":"https:\/\/nublo.tv\/index.php\/wp-json\/wp\/v2\/posts\/2312","targetHints":{"allow":["GET"]}}],"collection":[{"href":"https:\/\/nublo.tv\/index.php\/wp-json\/wp\/v2\/posts"}],"about":[{"href":"https:\/\/nublo.tv\/index.php\/wp-json\/wp\/v2\/types\/post"}],"author":[{"embeddable":true,"href":"https:\/\/nublo.tv\/index.php\/wp-json\/wp\/v2\/users\/1"}],"replies":[{"embeddable":true,"href":"https:\/\/nublo.tv\/index.php\/wp-json\/wp\/v2\/comments?post=2312"}],"version-history":[{"count":1,"href":"https:\/\/nublo.tv\/index.php\/wp-json\/wp\/v2\/posts\/2312\/revisions"}],"predecessor-version":[{"id":2314,"href":"https:\/\/nublo.tv\/index.php\/wp-json\/wp\/v2\/posts\/2312\/revisions\/2314"}],"wp:featuredmedia":[{"embeddable":true,"href":"https:\/\/nublo.tv\/index.php\/wp-json\/wp\/v2\/media\/2313"}],"wp:attachment":[{"href":"https:\/\/nublo.tv\/index.php\/wp-json\/wp\/v2\/media?parent=2312"}],"wp:term":[{"taxonomy":"category","embeddable":true,"href":"https:\/\/nublo.tv\/index.php\/wp-json\/wp\/v2\/categories?post=2312"},{"taxonomy":"post_tag","embeddable":true,"href":"https:\/\/nublo.tv\/index.php\/wp-json\/wp\/v2\/tags?post=2312"}],"curies":[{"name":"wp","href":"https:\/\/api.w.org\/{rel}","templated":true}]}}