{"id":2315,"date":"2026-08-07T08:45:26","date_gmt":"2026-08-07T07:45:26","guid":{"rendered":"https:\/\/nublo.tv\/?p=2315"},"modified":"2026-08-29T08:57:49","modified_gmt":"2026-08-29T07:57:49","slug":"el-plazo-de-inscripcion-para-acompanar-a-la-carreta-de-galdar-en-la-romeria-del-pino-abre-el-lunes-10-de-agosto","status":"publish","type":"post","link":"https:\/\/nublo.tv\/index.php\/2026\/08\/07\/el-plazo-de-inscripcion-para-acompanar-a-la-carreta-de-galdar-en-la-romeria-del-pino-abre-el-lunes-10-de-agosto\/","title":{"rendered":"El plazo de inscripci\u00f3n para acompa\u00f1ar a la carreta de G\u00e1ldar en la Romer\u00eda del Pino abre el lunes 10 de agosto"},"content":{"rendered":"<div><img loading=\"lazy\" decoding=\"async\" width=\"300\" height=\"200\" src=\"https:\/\/www.galdar.es\/wp-content\/uploads\/2026\/08\/Carreta-de-Galdar-en-la-Romeria-del-Pino-300x200.jpg\" class=\"attachment-medium size-medium wp-post-image\" alt=\"\" style=\"margin-bottom: 15px\" \/><\/div>\n<p>El pr\u00f3ximo lunes 10 de agosto abre el plazo de inscripci\u00f3n para los vecinos y vecinas que quieran acompa\u00f1ar a la carreta representativa del municipio de G\u00e1ldar a la Romer\u00eda \u2013 Ofrenda a la Virgen del Pino el d\u00eda 7 de septiembre en el municipio de Teror. Este plazo permanecer\u00e1 abierto hasta el pr\u00f3ximo 3<a class=\"moretag\" href=\"https:\/\/www.galdar.es\/el-plazo-de-inscripcion-para-acompanar-a-la-carreta-de-galdar-en-la-romeria-del-pino-abre-el-lunes-10-de-agosto\/\">&#8230;<\/a><\/p>\n<p>galdar.es\u00bb>Ayuntamiento de G\u00e1ldar<\/a>.<\/p>\n","protected":false},"excerpt":{"rendered":"<p>El pr\u00f3ximo lunes 10 de agosto abre el plazo de inscripci\u00f3n para los vecinos y vecinas que quieran acompa\u00f1ar a la carreta representativa del municipio de G\u00e1ldar a la Romer\u00eda&hellip;<\/p>\n","protected":false},"author":1,"featured_media":2316,"comment_status":"open","ping_status":"open","sticky":false,"template":"","format":"standard","meta":{"wpai_generated_summary":"","wpai_meta_description":"","footnotes":""},"categories":[129],"tags":[],"class_list":["post-2315","post","type-post","status-publish","format-standard","has-post-thumbnail","hentry","category-ayuntamiento-de-galdar"],"_links":{"self":[{"href":"https:\/\/nublo.tv\/index.php\/wp-json\/wp\/v2\/posts\/2315","targetHints":{"allow":["GET"]}}],"collection":[{"href":"https:\/\/nublo.tv\/index.php\/wp-json\/wp\/v2\/posts"}],"about":[{"href":"https:\/\/nublo.tv\/index.php\/wp-json\/wp\/v2\/types\/post"}],"author":[{"embeddable":true,"href":"https:\/\/nublo.tv\/index.php\/wp-json\/wp\/v2\/users\/1"}],"replies":[{"embeddable":true,"href":"https:\/\/nublo.tv\/index.php\/wp-json\/wp\/v2\/comments?post=2315"}],"version-history":[{"count":3,"href":"https:\/\/nublo.tv\/index.php\/wp-json\/wp\/v2\/posts\/2315\/revisions"}],"predecessor-version":[{"id":18104,"href":"https:\/\/nublo.tv\/index.php\/wp-json\/wp\/v2\/posts\/2315\/revisions\/18104"}],"wp:featuredmedia":[{"embeddable":true,"href":"https:\/\/nublo.tv\/index.php\/wp-json\/wp\/v2\/media\/2316"}],"wp:attachment":[{"href":"https:\/\/nublo.tv\/index.php\/wp-json\/wp\/v2\/media?parent=2315"}],"wp:term":[{"taxonomy":"category","embeddable":true,"href":"https:\/\/nublo.tv\/index.php\/wp-json\/wp\/v2\/categories?post=2315"},{"taxonomy":"post_tag","embeddable":true,"href":"https:\/\/nublo.tv\/index.php\/wp-json\/wp\/v2\/tags?post=2315"}],"curies":[{"name":"wp","href":"https:\/\/api.w.org\/{rel}","templated":true}]}}