{"id":2319,"date":"2026-08-07T08:45:32","date_gmt":"2026-08-07T07:45:32","guid":{"rendered":"https:\/\/nublo.tv\/?p=2319"},"modified":"2026-08-27T12:35:26","modified_gmt":"2026-08-27T11:35:26","slug":"el-barrio-del-pino-celebra-sus-fiestas-de-san-cayetano-este-fin-de-semana","status":"publish","type":"post","link":"https:\/\/nublo.tv\/index.php\/2026\/08\/07\/el-barrio-del-pino-celebra-sus-fiestas-de-san-cayetano-este-fin-de-semana\/","title":{"rendered":"El Barrio del Pino celebra sus fiestas de San Cayetano este fin de semana"},"content":{"rendered":"<p><strong>El programa de festivo ofrece el viernes 7 actuaci\u00f3n musical y el domingo 9, d\u00eda principal, actividades infantiles y actos religiosos.<\/strong><\/p>\n<p>Barrio del Pino celebra este fin de semana sus fiestas en honor a San Cayetano, con un programa de actos l\u00fadicos y religioso que se desarrollar\u00e1 los d\u00edas 7 y 9 de agosto.<\/p>\n<p>El viernes 7 de agosto, a las 20:30 horas, tendr\u00e1 lugar la actuaci\u00f3n musical de Yamiley con Mariachi Pele\u00f3n. El domingo 9 de agosto, d\u00eda principal de la festividad, durante la ma\u00f1ana desde las 11:00 a las 13:00 horas, se desarrollar\u00e1n actividades y, a partir de las 20:00 horas tendr\u00e1 lugar la Misa y procesi\u00f3n en honor a San Cayetano, con el acompa\u00f1amiento de la Parranda de San Cayetano.<\/p>\n<p>Desde la Comisi\u00f3n de fiestas y directiva de la Asociaci\u00f3n de Vecinos San Cayetano, y el \u00c1rea de Participaci\u00f3n Ciudadana, dirigida por el edil\u00a0 Manuel Far\u00edas Barrios, se invita a la vecindad a participar en los actos festivos.<\/p>\n<p><a href=\"https:\/\/teror.es\/wp-content\/uploads\/2026\/08\/04_Fiesta-BarrioPino-cartel.jpg\"><img loading=\"lazy\" decoding=\"async\" class=\"alignleft wp-image-98716 size-vp_md\" src=\"https:\/\/teror.es\/wp-content\/uploads\/2026\/08\/04_Fiesta-BarrioPino-cartel-800x1132.jpg\" alt=\"\" width=\"777\" height=\"1099\" \/><\/a><\/p>\n<p>&nbsp;<\/p>\n<p>&nbsp;<\/p>\n<p>&nbsp;<\/p>\n","protected":false},"excerpt":{"rendered":"<p>El programa de festivo ofrece el viernes 7 actuaci\u00f3n musical y el domingo 9, d\u00eda principal, actividades infantiles y actos religiosos. Barrio del Pino celebra este fin de semana sus&hellip;<\/p>\n","protected":false},"author":1,"featured_media":2320,"comment_status":"open","ping_status":"open","sticky":false,"template":"","format":"standard","meta":{"wpai_generated_summary":"","wpai_meta_description":"","footnotes":""},"categories":[141],"tags":[],"class_list":["post-2319","post","type-post","status-publish","format-standard","has-post-thumbnail","hentry","category-ayuntamiento-de-teror"],"_links":{"self":[{"href":"https:\/\/nublo.tv\/index.php\/wp-json\/wp\/v2\/posts\/2319","targetHints":{"allow":["GET"]}}],"collection":[{"href":"https:\/\/nublo.tv\/index.php\/wp-json\/wp\/v2\/posts"}],"about":[{"href":"https:\/\/nublo.tv\/index.php\/wp-json\/wp\/v2\/types\/post"}],"author":[{"embeddable":true,"href":"https:\/\/nublo.tv\/index.php\/wp-json\/wp\/v2\/users\/1"}],"replies":[{"embeddable":true,"href":"https:\/\/nublo.tv\/index.php\/wp-json\/wp\/v2\/comments?post=2319"}],"version-history":[{"count":1,"href":"https:\/\/nublo.tv\/index.php\/wp-json\/wp\/v2\/posts\/2319\/revisions"}],"predecessor-version":[{"id":2329,"href":"https:\/\/nublo.tv\/index.php\/wp-json\/wp\/v2\/posts\/2319\/revisions\/2329"}],"wp:featuredmedia":[{"embeddable":true,"href":"https:\/\/nublo.tv\/index.php\/wp-json\/wp\/v2\/media\/2320"}],"wp:attachment":[{"href":"https:\/\/nublo.tv\/index.php\/wp-json\/wp\/v2\/media?parent=2319"}],"wp:term":[{"taxonomy":"category","embeddable":true,"href":"https:\/\/nublo.tv\/index.php\/wp-json\/wp\/v2\/categories?post=2319"},{"taxonomy":"post_tag","embeddable":true,"href":"https:\/\/nublo.tv\/index.php\/wp-json\/wp\/v2\/tags?post=2319"}],"curies":[{"name":"wp","href":"https:\/\/api.w.org\/{rel}","templated":true}]}}