{"id":2321,"date":"2026-08-07T08:45:49","date_gmt":"2026-08-07T07:45:49","guid":{"rendered":"https:\/\/nublo.tv\/?p=2321"},"modified":"2026-08-27T12:35:26","modified_gmt":"2026-08-27T11:35:26","slug":"el-hoyo-inicia-sus-fiestas-de-la-virgen-de-lourdes-con-la-lectura-del-pregon-de-paula-azcanio","status":"publish","type":"post","link":"https:\/\/nublo.tv\/index.php\/2026\/08\/07\/el-hoyo-inicia-sus-fiestas-de-la-virgen-de-lourdes-con-la-lectura-del-pregon-de-paula-azcanio\/","title":{"rendered":"El Hoyo inicia sus fiestas de la Virgen de Lourdes con la lectura del preg\u00f3n de Paula Azcanio"},"content":{"rendered":"<p><strong>La joven vecina del barrio anunciar\u00e1 la festividad este\u00a0 7 de agosto, a las 20:00 horas. El 15 de agosto celebrar\u00e1 El Hoyo su d\u00eda principal. \u00a0<a href=\"https:\/\/teror.es\/wp-content\/uploads\/2026\/08\/EL-HOYO-2026.pdf\"><span style=\"color: #0000ff\">VER PROGRAMA<\/span><\/a> (pdf)<\/strong><\/p>\n<p>El barrio de El Hoyo inicia oficialmente sus fiestas patronales en honor a la Virgen de Lourdes este viernes 7 de agosto con la lectura del preg\u00f3n, a las 21:00 horas, que correr\u00e1 a cargo la maestra y vecina del barrio Paula Azcanio L\u00f3pez. A continuaci\u00f3n se realizar\u00e1 el\u00a0 II Memorial Calixto Gonz\u00e1lez con la actuaci\u00f3n musical del &#8216;Grupo Isle\u00f1o&#8217;. El programa festivo, que ya se inici\u00f3 a mediados de julio con el campeonato de envite y los torneos de ajedrez y domin\u00f3,\u00a0 tendr\u00e1 su d\u00eda principal el 15 de agosto con la misa cantada por la Rondalla Camino Viejo del Hoyo y procesi\u00f3n acompa\u00f1ada por la Banda Bravo.<\/p>\n<p data-wp-editing=\"1\"><a href=\"https:\/\/teror.es\/wp-content\/uploads\/2026\/08\/03_Paula-Azcanio.png\"><img loading=\"lazy\" decoding=\"async\" class=\"alignright wp-image-98701\" src=\"https:\/\/teror.es\/wp-content\/uploads\/2026\/08\/03_Paula-Azcanio-500x646.png\" alt=\"\" width=\"300\" height=\"388\" \/><\/a>La pregonera Paula Ascanio , maestra de Educaci\u00f3n Primaria, siente al barrio como una parte esencial de su identidad. Este preg\u00f3n se presenta para ella como un emotivo recorrido por su propia historia familiar, una oportunidad para compartir ante sus vecinos las vivencias que comparte con sus abuelos, Faustino y Teresa.<\/p>\n<p>El programa de actos ha sido organizado por la Asociaci\u00f3n de Vecinos del barrio, en colaboraci\u00f3n con el Ayuntamiento de Teror y la Concejal\u00eda de Fiestas de Barrios, dirigida por el edil Manuel Farias Barrios, quien ha destacado el esfuerzo colectivo y el compromiso\u00a0 del barrio por mantener vivas sus tradiciones.<\/p>\n<p><strong>LA BAJADA EN BURRO, EL S\u00c1BADO 8 DE AGOSTO<\/strong><\/p>\n<p>Tras el engalanamiento del barrio este jueves 6 de agosto y la lectura del preg\u00f3n el 7 de agosto, el s\u00e1bado 8 de agosto llegar\u00e1 la 3\u00aa Bajada en burro a la Fuente Agria, acompa\u00f1ada de la Banda Aborigen. El s\u00e1bado se realizar\u00e1 adem\u00e1s la Exposici\u00f3n de Land Rovers, de 10:00 a 14:00 horas; y por la noche, a las 21:00 horas, el local de la Asociaci\u00f3n de Vecinos acoger\u00e1 un Karaoke.<\/p>\n<p><a href=\"https:\/\/teror.es\/wp-content\/uploads\/2026\/08\/04_cartel-Fiesta-ElHoyo.png\"><img decoding=\"async\" loading=\"lazy\" class=\"alignright size-vp_sm wp-image-98704\" src=\"https:\/\/teror.es\/wp-content\/uploads\/2026\/08\/04_cartel-Fiesta-ElHoyo-500x635.png\" alt=\"\" width=\"500\" height=\"635\" \/><\/a>El domingo 9 de agosto tendr\u00e1 lugar la Muestra de animales, con trasquilada y paseos en burro, de 9:00 a 14:00 horas. El lunes 10 de agosto se ofrecer\u00e1n actividades de juegos tradicionales a las 17:00 horas. El mi\u00e9rcoles 12 de agosto habr\u00e1 proyecci\u00f3n de im\u00e1genes del barrio y la actuaci\u00f3n de la Rondalla del \u00c1lamo. El 13 de agosto se realizar\u00e1 la Fiesta Infantil con talleres e hinchables. Y el viernes 14 de agosto llegar\u00e1 la Noche de fiesta con &#8216;Vado Permanente&#8217; y &#8216;Hache Tamarindos&#8217;<\/p>\n<p>El d\u00eda principal tendr\u00e1 lugar el 15 de agosto, con actividades infantiles por la ma\u00f1ana y, a las 20:00 horas, la misa cantada\u00a0 y procesi\u00f3n. El programa festivo cierra el 22 de agosto con la entrega de trofeos de los torneos y el 12 de octubre la tradicional excursi\u00f3n del barrio.<\/p>\n<p>&nbsp;<\/p>\n<p>&nbsp;<\/p>\n<p>&nbsp;<\/p>\n","protected":false},"excerpt":{"rendered":"<p>La joven vecina del barrio anunciar\u00e1 la festividad este\u00a0 7 de agosto, a las 20:00 horas. El 15 de agosto celebrar\u00e1 El Hoyo su d\u00eda principal. \u00a0VER PROGRAMA (pdf) El&hellip;<\/p>\n","protected":false},"author":1,"featured_media":2322,"comment_status":"open","ping_status":"open","sticky":false,"template":"","format":"standard","meta":{"wpai_generated_summary":"","wpai_meta_description":"","footnotes":""},"categories":[141],"tags":[],"class_list":["post-2321","post","type-post","status-publish","format-standard","has-post-thumbnail","hentry","category-ayuntamiento-de-teror"],"_links":{"self":[{"href":"https:\/\/nublo.tv\/index.php\/wp-json\/wp\/v2\/posts\/2321","targetHints":{"allow":["GET"]}}],"collection":[{"href":"https:\/\/nublo.tv\/index.php\/wp-json\/wp\/v2\/posts"}],"about":[{"href":"https:\/\/nublo.tv\/index.php\/wp-json\/wp\/v2\/types\/post"}],"author":[{"embeddable":true,"href":"https:\/\/nublo.tv\/index.php\/wp-json\/wp\/v2\/users\/1"}],"replies":[{"embeddable":true,"href":"https:\/\/nublo.tv\/index.php\/wp-json\/wp\/v2\/comments?post=2321"}],"version-history":[{"count":1,"href":"https:\/\/nublo.tv\/index.php\/wp-json\/wp\/v2\/posts\/2321\/revisions"}],"predecessor-version":[{"id":2330,"href":"https:\/\/nublo.tv\/index.php\/wp-json\/wp\/v2\/posts\/2321\/revisions\/2330"}],"wp:featuredmedia":[{"embeddable":true,"href":"https:\/\/nublo.tv\/index.php\/wp-json\/wp\/v2\/media\/2322"}],"wp:attachment":[{"href":"https:\/\/nublo.tv\/index.php\/wp-json\/wp\/v2\/media?parent=2321"}],"wp:term":[{"taxonomy":"category","embeddable":true,"href":"https:\/\/nublo.tv\/index.php\/wp-json\/wp\/v2\/categories?post=2321"},{"taxonomy":"post_tag","embeddable":true,"href":"https:\/\/nublo.tv\/index.php\/wp-json\/wp\/v2\/tags?post=2321"}],"curies":[{"name":"wp","href":"https:\/\/api.w.org\/{rel}","templated":true}]}}