{"id":2338,"date":"2026-08-07T09:44:26","date_gmt":"2026-08-07T08:44:26","guid":{"rendered":"https:\/\/nublo.tv\/?p=2338"},"modified":"2026-08-27T12:35:26","modified_gmt":"2026-08-27T11:35:26","slug":"corte-de-trafico-el-12-de-agosto-en-la-calle-parroco-hernandez-benitez-por-la-instalacion-de-nuevos-puntos-de-alumbrado-publico","status":"publish","type":"post","link":"https:\/\/nublo.tv\/index.php\/2026\/08\/07\/corte-de-trafico-el-12-de-agosto-en-la-calle-parroco-hernandez-benitez-por-la-instalacion-de-nuevos-puntos-de-alumbrado-publico\/","title":{"rendered":"Corte de tr\u00e1fico el 12 de agosto en la calle P\u00e1rroco Hern\u00e1ndez Ben\u00edtez por la instalaci\u00f3n de nuevos puntos de alumbrado p\u00fablico"},"content":{"rendered":"<p>El Ayuntamiento de G\u00e1ldar informa que el mi\u00e9rcoles 12 de agosto se proceder\u00e1 a cortes de tr\u00e1fico en la calle P\u00e1rroco Hern\u00e1ndez Ben\u00edtez, en el barrio de San Isidro. <\/p>\n<p>La Concejal\u00eda de Alumbrado, que dirige Cristian Perdomo, acometer\u00e1 la instalaci\u00f3n de nuevos puntos de alumbrado p\u00fablico, por lo que se proceder\u00e1 a cortes de tr\u00e1fico en horario de 7:00 a 16:00 horas. De esta manera, solo se podr\u00e1 aparcar en el lado izquierdo de la v\u00eda, mientras que el lado derecho estar\u00e1 prohibido aparcar. El n\u00famero de tel\u00e9fono de incidencias de alumbrado p\u00fablico en el municipio, disponible las 24 horas, es el 648 76 35 02.<\/p>\n","protected":false},"excerpt":{"rendered":"<p>El Ayuntamiento de G\u00e1ldar informa que el mi\u00e9rcoles 12 de agosto se proceder\u00e1 a cortes de tr\u00e1fico en la calle P\u00e1rroco Hern\u00e1ndez Ben\u00edtez, en el barrio de San Isidro. La&hellip;<\/p>\n","protected":false},"author":1,"featured_media":2339,"comment_status":"open","ping_status":"open","sticky":false,"template":"","format":"standard","meta":{"wpai_generated_summary":"","wpai_meta_description":"","footnotes":""},"categories":[129],"tags":[],"class_list":["post-2338","post","type-post","status-publish","format-standard","has-post-thumbnail","hentry","category-ayuntamiento-de-galdar"],"_links":{"self":[{"href":"https:\/\/nublo.tv\/index.php\/wp-json\/wp\/v2\/posts\/2338","targetHints":{"allow":["GET"]}}],"collection":[{"href":"https:\/\/nublo.tv\/index.php\/wp-json\/wp\/v2\/posts"}],"about":[{"href":"https:\/\/nublo.tv\/index.php\/wp-json\/wp\/v2\/types\/post"}],"author":[{"embeddable":true,"href":"https:\/\/nublo.tv\/index.php\/wp-json\/wp\/v2\/users\/1"}],"replies":[{"embeddable":true,"href":"https:\/\/nublo.tv\/index.php\/wp-json\/wp\/v2\/comments?post=2338"}],"version-history":[{"count":1,"href":"https:\/\/nublo.tv\/index.php\/wp-json\/wp\/v2\/posts\/2338\/revisions"}],"predecessor-version":[{"id":2352,"href":"https:\/\/nublo.tv\/index.php\/wp-json\/wp\/v2\/posts\/2338\/revisions\/2352"}],"wp:featuredmedia":[{"embeddable":true,"href":"https:\/\/nublo.tv\/index.php\/wp-json\/wp\/v2\/media\/2339"}],"wp:attachment":[{"href":"https:\/\/nublo.tv\/index.php\/wp-json\/wp\/v2\/media?parent=2338"}],"wp:term":[{"taxonomy":"category","embeddable":true,"href":"https:\/\/nublo.tv\/index.php\/wp-json\/wp\/v2\/categories?post=2338"},{"taxonomy":"post_tag","embeddable":true,"href":"https:\/\/nublo.tv\/index.php\/wp-json\/wp\/v2\/tags?post=2338"}],"curies":[{"name":"wp","href":"https:\/\/api.w.org\/{rel}","templated":true}]}}