{"id":237,"date":"2026-08-04T17:37:41","date_gmt":"2026-08-04T16:37:41","guid":{"rendered":"https:\/\/nublo.tv\/?p=237"},"modified":"2026-08-04T17:37:41","modified_gmt":"2026-08-04T16:37:41","slug":"taller-de-astrofotografia-de-paisaje","status":"publish","type":"post","link":"https:\/\/nublo.tv\/index.php\/2026\/08\/04\/taller-de-astrofotografia-de-paisaje\/","title":{"rendered":"Taller de Astrofotograf\u00eda de Paisaje"},"content":{"rendered":"<p dir=\"ltr\">Una noche para aprender a <strong>fotografiar la V\u00eda L\u00e1ctea<\/strong> en el coraz\u00f3n de las cumbres de Gran Canaria, dentro del <em><strong>Paisaje Cultural de Risco Ca\u00eddo y las Monta\u00f1as Sagradas, Patrimonio Mundial de la UNESCO.<\/strong><\/em><\/p>\n<p dir=\"ltr\"><strong>Fecha:<\/strong> viernes 14 de agosto de 2026.<br \/><strong>Hora:<\/strong> 19:00 horas.<br \/><strong>Lugar:<\/strong> Centro de Visitantes Degollada Becerra (Tejeda)<br \/><strong>Direcci\u00f3n:<\/strong> GC-150, 35369 Tejeda, Las Palmas<\/p>\n<p dir=\"ltr\"><strong>Asistencia Gratuita \u00a1Plazas limitadas!,<\/strong> por orden de inscripci\u00f3n. Teor\u00eda en el centro y pr\u00e1ctica guiada bajo el cielo estrellado. Grupo reducido.<\/p>\n<p dir=\"ltr\"><strong>Qu\u00e9 llevar:<\/strong> C\u00e1mara con controles manuales, tr\u00edpode, objetivo angular, bater\u00edas cargadas, tarjetas de memoria, linterna frontal con luz roja y ropa de abrigo.<\/p>\n<p dir=\"ltr\"><strong>Inscripciones:<\/strong><br \/><strong><a href=\"https:\/\/ivancardenesphoto.es\/talleres\/las-estrellas-desde-la-cumbre\" target=\"_blank\" rel=\"noopener\">https:\/\/ivancardenesphoto.es\/talleres\/las-estrellas-desde-la-cumbre<\/a><\/strong><\/p>\n<p dir=\"ltr\"><strong>A tener en cuenta:<\/strong> Inicio de la reuni\u00f3n a las 19:00 horas. El desplazamiento hasta el centro es por cuenta de cada participante, los menores deber\u00e1n asistir acompa\u00f1ados de su padre, madre o tutor legal y\/o la actividad puede reprogramarse si la meteorolog\u00eda no acompa\u00f1a.<\/p>\n<p dir=\"ltr\"><strong>Organiza e imparte: Iv\u00e1n C\u00e1rdenes Mu\u00f1oz<\/strong><br \/><strong>Patrocina: Ayuntamiento de Tejeda<\/strong><br \/><strong>Colabora: Cabildo de Gran Canaria<\/strong><\/p>\n<p>\u00ae 2026 Ayuntamiento de Tejeda | <a href=\"https:\/\/lospueblosmasbonitosdeespana.org\/pueblos\/tejeda\" target=\"_blank\" rel=\"noopener\">Uno de los Pueblos m\u00e1s Bonitos de Espa\u00f1a<\/a><\/p>\n","protected":false},"excerpt":{"rendered":"<p>Una noche para aprender a fotografiar la V\u00eda L\u00e1ctea en el coraz\u00f3n de las cumbres de Gran Canaria, dentro del Paisaje Cultural de Risco Ca\u00eddo y las Monta\u00f1as Sagradas, Patrimonio&hellip;<\/p>\n","protected":false},"author":19,"featured_media":239,"comment_status":"open","ping_status":"open","sticky":false,"template":"","format":"standard","meta":{"wpai_generated_summary":"","wpai_meta_description":"","footnotes":""},"categories":[139],"tags":[],"class_list":["post-237","post","type-post","status-publish","format-standard","has-post-thumbnail","hentry","category-ayuntamiento-de-tejeda"],"_links":{"self":[{"href":"https:\/\/nublo.tv\/index.php\/wp-json\/wp\/v2\/posts\/237","targetHints":{"allow":["GET"]}}],"collection":[{"href":"https:\/\/nublo.tv\/index.php\/wp-json\/wp\/v2\/posts"}],"about":[{"href":"https:\/\/nublo.tv\/index.php\/wp-json\/wp\/v2\/types\/post"}],"author":[{"embeddable":true,"href":"https:\/\/nublo.tv\/index.php\/wp-json\/wp\/v2\/users\/19"}],"replies":[{"embeddable":true,"href":"https:\/\/nublo.tv\/index.php\/wp-json\/wp\/v2\/comments?post=237"}],"version-history":[{"count":1,"href":"https:\/\/nublo.tv\/index.php\/wp-json\/wp\/v2\/posts\/237\/revisions"}],"predecessor-version":[{"id":597,"href":"https:\/\/nublo.tv\/index.php\/wp-json\/wp\/v2\/posts\/237\/revisions\/597"}],"wp:featuredmedia":[{"embeddable":true,"href":"https:\/\/nublo.tv\/index.php\/wp-json\/wp\/v2\/media\/239"}],"wp:attachment":[{"href":"https:\/\/nublo.tv\/index.php\/wp-json\/wp\/v2\/media?parent=237"}],"wp:term":[{"taxonomy":"category","embeddable":true,"href":"https:\/\/nublo.tv\/index.php\/wp-json\/wp\/v2\/categories?post=237"},{"taxonomy":"post_tag","embeddable":true,"href":"https:\/\/nublo.tv\/index.php\/wp-json\/wp\/v2\/tags?post=237"}],"curies":[{"name":"wp","href":"https:\/\/api.w.org\/{rel}","templated":true}]}}