{"id":24,"date":"2026-08-04T17:37:06","date_gmt":"2026-08-04T16:37:06","guid":{"rendered":"https:\/\/nublo.tv\/?p=24"},"modified":"2026-08-04T17:37:06","modified_gmt":"2026-08-04T16:37:06","slug":"el-pleno-aprueba-una-modificacion-de-credito-de-un-millon-de-euros-para-obras-y-servicios","status":"publish","type":"post","link":"https:\/\/nublo.tv\/index.php\/2026\/08\/04\/el-pleno-aprueba-una-modificacion-de-credito-de-un-millon-de-euros-para-obras-y-servicios\/","title":{"rendered":"El Pleno aprueba una modificaci\u00f3n de cr\u00e9dito de un mill\u00f3n de euros para obras y servicios."},"content":{"rendered":"<p class=\"p-meta\"><span>Marcos Hern\u00e1ndez Bola\u00f1os<\/span><span><time class=\"entry-date\" datetime=\"2026-07-23T12:12:39+00:00\">23\/07\/2026<\/time><\/span><span><a href=\"https:\/\/aguimes.es\/category\/noticias\/\" title=\"View all posts in: \u201cNoticias\u201d\">Noticias<\/a>, <a href=\"https:\/\/aguimes.es\/category\/noticias\/plenos\/\" title=\"View all posts in: \u201cPlenos\u201d\">Plenos<\/a><\/span><\/p>\n<p class=\"wp-block-paragraph\"><strong>La actuaci\u00f3n financiar\u00e1 obras en Los Corralillos y la avenida de Los Pescadores, adem\u00e1s de reforzar contratos y servicios esenciales para el municipio.\u00a0\u00a0\u00a0<\/strong><\/p>\n<p class=\"wp-block-paragraph\">El Pleno ordinario del Ayuntamiento de Ag\u00fcimes, celebrado este mi\u00e9rcoles, aprob\u00f3 una modificaci\u00f3n de cr\u00e9dito de algo m\u00e1s de un mill\u00f3n de euros (1.005.925,95\u20ac), financiada con cargo al remanente de tesorer\u00eda para gastos generales. La propuesta permitir\u00e1 reforzar la ejecuci\u00f3n de obras y la prestaci\u00f3n de diversos servicios municipales durante lo que resta de a\u00f1o.<\/p>\n<p class=\"wp-block-paragraph\">La modificaci\u00f3n presupuestaria permitir\u00e1 acometer actuaciones de mejora en distintos barrios del municipio, entre ellas figuran la reparaci\u00f3n del pavimento de la avenida de Los Pescadores, el adoquinado de una calle del casco hist\u00f3rico de Los Corralillos y la mejora de la cocina y el equipamiento del Colegio de Educaci\u00f3n Infantil y Primaria (CEIP) Monta\u00f1a de Los V\u00e9lez. Tambi\u00e9n contempla la dotaci\u00f3n econ\u00f3mica necesaria para reforzar contratos y servicios municipales, como la limpieza de instalaciones deportivas y del Centro de Hidroterapia del Cruce de Arinaga, la atenci\u00f3n a los animales conforme a las nuevas exigencias de la Ley de Bienestar Animal, el servicio de limpieza viaria y la aportaci\u00f3n al Consorcio de Emergencias de Gran Canaria.<\/p>\n<p class=\"wp-block-paragraph\">Durante la sesi\u00f3n tambi\u00e9n se aprob\u00f3 una modificaci\u00f3n presupuestaria de car\u00e1cter t\u00e9cnico por importe de 14.500 euros, destinada a adaptar la clasificaci\u00f3n contable de la aportaci\u00f3n municipal a Turismo Rural de Ag\u00fcimes para la gesti\u00f3n del Museo de Historia. El cambio no supone ninguna variaci\u00f3n en la cuant\u00eda ni en la finalidad de los fondos, sino su adecuaci\u00f3n a la Ley General de Subvenciones.\u00a0<\/p>\n<p class=\"wp-block-paragraph\">En el apartado de mociones, el Pleno aprob\u00f3 por unanimidad la iniciativa presentada por el Grupo Mixto para instar al Cabildo de Gran Canaria a impulsar un plan extraordinario de ampliaci\u00f3n de plazas sociosanitarias y estudiar la implantaci\u00f3n de un centro sociosanitario p\u00fablico en la comarca del Sureste. El objetivo es mejorar la atenci\u00f3n a las personas mayores y dependientes y contribuir a reducir la ocupaci\u00f3n hospitalaria por pacientes pendientes de este tipo de recursos.<\/p>\n<p class=\"wp-block-paragraph\">Tambi\u00e9n se abordaron cuestiones relacionadas con el mantenimiento de espacios p\u00fablicos, el estado de distintas actuaciones municipales y la evoluci\u00f3n de varios proyectos en marcha. Al respecto, el grupo de gobierno ofreci\u00f3 informaci\u00f3n acerca de su grado de ejecuci\u00f3n y de las actuaciones previstas para los pr\u00f3ximos meses.<\/p>\n","protected":false},"excerpt":{"rendered":"<p>Marcos Hern\u00e1ndez Bola\u00f1os23\/07\/2026Noticias, PlenosLa actuaci\u00f3n financiar\u00e1 obras en Los Corralillos y la avenida de Los Pescadores, adem\u00e1s de reforzar contratos y servicios esenciales para el municipio.\u00a0\u00a0\u00a0El Pleno ordinario del Ayuntamiento&hellip;<\/p>\n","protected":false},"author":4,"featured_media":25,"comment_status":"open","ping_status":"open","sticky":false,"template":"","format":"standard","meta":{"wpai_generated_summary":"","wpai_meta_description":"","footnotes":""},"categories":[125],"tags":[],"class_list":["post-24","post","type-post","status-publish","format-standard","has-post-thumbnail","hentry","category-ayuntamiento-de-aguimes"],"_links":{"self":[{"href":"https:\/\/nublo.tv\/index.php\/wp-json\/wp\/v2\/posts\/24","targetHints":{"allow":["GET"]}}],"collection":[{"href":"https:\/\/nublo.tv\/index.php\/wp-json\/wp\/v2\/posts"}],"about":[{"href":"https:\/\/nublo.tv\/index.php\/wp-json\/wp\/v2\/types\/post"}],"author":[{"embeddable":true,"href":"https:\/\/nublo.tv\/index.php\/wp-json\/wp\/v2\/users\/4"}],"replies":[{"embeddable":true,"href":"https:\/\/nublo.tv\/index.php\/wp-json\/wp\/v2\/comments?post=24"}],"version-history":[{"count":1,"href":"https:\/\/nublo.tv\/index.php\/wp-json\/wp\/v2\/posts\/24\/revisions"}],"predecessor-version":[{"id":588,"href":"https:\/\/nublo.tv\/index.php\/wp-json\/wp\/v2\/posts\/24\/revisions\/588"}],"wp:featuredmedia":[{"embeddable":true,"href":"https:\/\/nublo.tv\/index.php\/wp-json\/wp\/v2\/media\/25"}],"wp:attachment":[{"href":"https:\/\/nublo.tv\/index.php\/wp-json\/wp\/v2\/media?parent=24"}],"wp:term":[{"taxonomy":"category","embeddable":true,"href":"https:\/\/nublo.tv\/index.php\/wp-json\/wp\/v2\/categories?post=24"},{"taxonomy":"post_tag","embeddable":true,"href":"https:\/\/nublo.tv\/index.php\/wp-json\/wp\/v2\/tags?post=24"}],"curies":[{"name":"wp","href":"https:\/\/api.w.org\/{rel}","templated":true}]}}