{"id":241,"date":"2026-08-04T17:37:41","date_gmt":"2026-08-04T16:37:41","guid":{"rendered":"https:\/\/nublo.tv\/?p=241"},"modified":"2026-08-04T17:37:41","modified_gmt":"2026-08-04T16:37:41","slug":"bando-alcaldia-25-2026","status":"publish","type":"post","link":"https:\/\/nublo.tv\/index.php\/2026\/08\/04\/bando-alcaldia-25-2026\/","title":{"rendered":"Bando Alcald\u00eda 25\/2026"},"content":{"rendered":"<p><strong>Francisco Juan Perera Hern\u00e1ndez<\/strong>,\u00a0<strong>Alcalde-Presidente<\/strong>\u00a0del\u00a0<strong>Ilustre Ayuntamiento de Tejeda<\/strong>, hace saber:<\/p>\n<p dir=\"ltr\">Que con motivo de la celebraci\u00f3n del <em><strong>\u201cTejeda Joven Fest 2026\u201d,<\/strong> <\/em>que se celebrar\u00e1 el viernes 31 de julio de 2026, se hace p\u00fablico lo siguiente:<\/p>\n<p dir=\"ltr\">\u00a0\u00a0\u00a0\u00b7 Desde el mi\u00e9rcoles 29 de julio de 2026, a las 07:00 horas, hasta el lunes 3 de agosto de 2026, a las 14:00 horas, queda cerrado el acceso al aparcamiento de la planta principal de La Vaguada, con motivo de la instalaci\u00f3n del roc\u00f3dromo y la tirolina.<\/p>\n<p dir=\"ltr\">\u00a0\u00a0\u00a0\u00b7 Desde el viernes 31 de julio de 2026, a las 07:00 horas, hasta el s\u00e1bado 1 de agosto de 2026, a las 08:00 horas, queda prohibido el aparcamiento en la planta -1 del aparcamiento de La Vaguada.<\/p>\n<p dir=\"ltr\">\u00a0\u00a0\u00a0\u00b7 Desde el viernes 31 de julio de 2026, a las 18:00 horas, hasta el s\u00e1bado 1 de agosto de 2026, queda prohibida la circulaci\u00f3n de veh\u00edculos entre las calles P\u00e1rroco Hern\u00e1ndez Guerra y la calle P\u00e1rroco Luis Gonz\u00e1lez Hern\u00e1ndez.<\/p>\n<p>\u00ae 2026 Ayuntamiento de Tejeda | <a href=\"https:\/\/lospueblosmasbonitosdeespana.org\/pueblos\/tejeda\" target=\"_blank\" rel=\"noopener\">Uno de los Pueblos m\u00e1s Bonitos de Espa\u00f1a<\/a><\/p>\n","protected":false},"excerpt":{"rendered":"<p>Francisco Juan Perera Hern\u00e1ndez,\u00a0Alcalde-Presidente\u00a0del\u00a0Ilustre Ayuntamiento de Tejeda, hace saber:Que con motivo de la celebraci\u00f3n del \u201cTejeda Joven Fest 2026\u201d, que se celebrar\u00e1 el viernes 31 de julio de 2026, se&hellip;<\/p>\n","protected":false},"author":19,"featured_media":243,"comment_status":"open","ping_status":"open","sticky":false,"template":"","format":"standard","meta":{"wpai_generated_summary":"","wpai_meta_description":"","footnotes":""},"categories":[139],"tags":[],"class_list":["post-241","post","type-post","status-publish","format-standard","has-post-thumbnail","hentry","category-ayuntamiento-de-tejeda"],"_links":{"self":[{"href":"https:\/\/nublo.tv\/index.php\/wp-json\/wp\/v2\/posts\/241","targetHints":{"allow":["GET"]}}],"collection":[{"href":"https:\/\/nublo.tv\/index.php\/wp-json\/wp\/v2\/posts"}],"about":[{"href":"https:\/\/nublo.tv\/index.php\/wp-json\/wp\/v2\/types\/post"}],"author":[{"embeddable":true,"href":"https:\/\/nublo.tv\/index.php\/wp-json\/wp\/v2\/users\/19"}],"replies":[{"embeddable":true,"href":"https:\/\/nublo.tv\/index.php\/wp-json\/wp\/v2\/comments?post=241"}],"version-history":[{"count":1,"href":"https:\/\/nublo.tv\/index.php\/wp-json\/wp\/v2\/posts\/241\/revisions"}],"predecessor-version":[{"id":600,"href":"https:\/\/nublo.tv\/index.php\/wp-json\/wp\/v2\/posts\/241\/revisions\/600"}],"wp:featuredmedia":[{"embeddable":true,"href":"https:\/\/nublo.tv\/index.php\/wp-json\/wp\/v2\/media\/243"}],"wp:attachment":[{"href":"https:\/\/nublo.tv\/index.php\/wp-json\/wp\/v2\/media?parent=241"}],"wp:term":[{"taxonomy":"category","embeddable":true,"href":"https:\/\/nublo.tv\/index.php\/wp-json\/wp\/v2\/categories?post=241"},{"taxonomy":"post_tag","embeddable":true,"href":"https:\/\/nublo.tv\/index.php\/wp-json\/wp\/v2\/tags?post=241"}],"curies":[{"name":"wp","href":"https:\/\/api.w.org\/{rel}","templated":true}]}}