{"id":2424,"date":"2026-08-07T11:44:27","date_gmt":"2026-08-07T10:44:27","guid":{"rendered":"https:\/\/nublo.tv\/?p=2424"},"modified":"2026-08-27T12:35:26","modified_gmt":"2026-08-27T11:35:26","slug":"el-ayuntamiento-recibe-nueve-ofertas-para-el-contrato-de-mantenimiento-de-vias-publicas-por-428-millones-de-euros","status":"publish","type":"post","link":"https:\/\/nublo.tv\/index.php\/2026\/08\/07\/el-ayuntamiento-recibe-nueve-ofertas-para-el-contrato-de-mantenimiento-de-vias-publicas-por-428-millones-de-euros\/","title":{"rendered":"El Ayuntamiento recibe nueve ofertas para el contrato de mantenimiento de v\u00edas p\u00fablicas por 42,8 millones de euros"},"content":{"rendered":"<p>El contrato permitir\u00e1 reforzar durante los pr\u00f3ximos cuatro a\u00f1os la conservaci\u00f3n de calzadas, aceras, muros y dem\u00e1s elementos viarios de los cinco distritos de la ciudad con una plantilla m\u00ednima de 76 profesionales y un servicio de guardia operativo las 24 horas del d\u00eda<\/p>\n<p>La inversi\u00f3n crecer\u00e1 un 143% con respecto al contrato anterior para reforzar el mantenimiento preventivo y correctivo del espacio p\u00fablico en los cinco distritos de la ciudad<\/p>\n<p>Las Palmas de Gran Canaria, 7 de agosto de 2026. El Ayuntamiento de Las Palmas de Gran Canaria ha recibido nueve ofertas para optar al nuevo contrato del servicio de mantenimiento y conservaci\u00f3n de las v\u00edas p\u00fablicas del municipio, que cuenta con un presupuesto base de licitaci\u00f3n de 42.878.037,96 euros para los pr\u00f3ximos cuatro a\u00f1os.<br \/>\nLas empresas y uniones temporales de empresas (UTE) que han concurrido al procedimiento son Acciona Mantenimiento de Infraestructuras, S.A.; la UTE Capross 2004, S.L. \u2013 Cyes Infraestructuras, S.L.U.; Conservaci\u00f3n, Asfalto y Construcci\u00f3n, S.A.U.; Lantania, S.A.U.; Lopesan Asfaltos y Construcciones, S.A.U.; Mantenimiento de Infraestructuras, S.A.; la UTE P\u00e9rez Moreno, S.A.U. \u2013 Aceinsa Canarias, S.A.; la UTE Urvios Construcci\u00f3n y Servicios, S.L.U. \u2013 Cobra Instalaciones y Servicios, S.A.U.; y V\u00edas y Construcciones, S.A.<br \/>\nEste contrato, impulsado por la Concejal\u00eda de V\u00edas y Obras y Alumbrado, que dirige Carlos D\u00edaz, incrementa un 143% la inversi\u00f3n con respecto al anterior servicio y permitir\u00e1 reforzar de forma significativa el mantenimiento preventivo y correctivo del espacio p\u00fablico en los cinco distritos de la ciudad, con una inversi\u00f3n anual superior a los 10,7 millones de euros.<br \/>\nEl servicio garantizar\u00e1 la conservaci\u00f3n de m\u00e1s de 3,6 millones de metros cuadrados de calzadas, aceras y dem\u00e1s espacios viarios, as\u00ed como el mantenimiento de cerca de 125.000 metros cuadrados de muros de titularidad municipal. Para ello, el contrato se estructura en dos lotes: uno para los distritos Centro y Vegueta, Cono Sur y Tafira, con un presupuesto de 19,6 millones de euros, y otro para Ciudad Alta, Isleta-Puerto-Guanarteme y Tamaraceite-San Lorenzo-Tenoya, dotado con 23,3 millones de euros.<br \/>\nEntre las principales mejoras que incorpora el nuevo contrato destaca el refuerzo del mantenimiento preventivo mediante programas de inspecci\u00f3n peri\u00f3dica que permitir\u00e1n detectar y reparar de forma anticipada los desperfectos en los distintos elementos urbanos, mejorando la seguridad, la accesibilidad y prolongando la vida \u00fatil de estas infraestructuras.<br \/>\nAsimismo, el servicio contar\u00e1 con una plantilla m\u00ednima de 76 profesionales entre personal t\u00e9cnico, personal encargado, personal oficial y personal operario especializado, que desarrollar\u00e1 las labores de mantenimiento en todos los distritos. A ello se suma un servicio de guardia operativo las 24 horas del d\u00eda durante todo el a\u00f1o para atender incidencias urgentes y garantizar, en caso de emergencia, una respuesta en el plazo m\u00e1ximo de una hora desde la recepci\u00f3n del aviso.<br \/>\nToda la flota de veh\u00edculos y maquinaria adscrita al servicio ser\u00e1 de nueva adquisici\u00f3n, lo que permitir\u00e1 incrementar la eficiencia de los trabajos, reducir las emisiones contaminantes y minimizar el impacto ac\u00fastico de las actuaciones.<br \/>\nEl nuevo modelo incorpora adem\u00e1s actuaciones espec\u00edficas destinadas a mejorar la accesibilidad universal mediante la eliminaci\u00f3n de barreras arquitect\u00f3nicas, la adaptaci\u00f3n de rebajes de aceras a la normativa vigente, la sustituci\u00f3n de escaleras por rampas cuando resulte necesario y la mejora de los accesos a la red de transporte p\u00fablico. Asimismo, contempla la construcci\u00f3n de nuevos elementos destinados a reforzar la seguridad vial, como los lomos de asno en aquellas v\u00edas donde resulte necesario.<br \/>\nEl contrato tambi\u00e9n incorpora herramientas tecnol\u00f3gicas para mejorar la gesti\u00f3n del servicio mediante un sistema integral de seguimiento digital que permitir\u00e1 registrar y supervisar en tiempo real todas las incidencias y actuaciones realizadas a trav\u00e9s de la plataforma municipal eXterna, facilitando el control y la trazabilidad de los trabajos.<br \/>\nPor \u00faltimo, el servicio prev\u00e9 la actualizaci\u00f3n permanente del inventario viario municipal, una herramienta que permitir\u00e1 disponer de informaci\u00f3n precisa sobre el estado de conservaci\u00f3n de calzadas, aceras, muros y dem\u00e1s elementos urbanos para planificar con mayor eficacia las actuaciones de mantenimiento y conservaci\u00f3n.<\/p>\n","protected":false},"excerpt":{"rendered":"<p>El Ayuntamiento de Las Palmas de Gran Canaria ha recibido nueve ofertas para optar al nuevo contrato del servicio de mantenimiento y conservaci\u00f3n de las v\u00edas p\u00fablicas del municipio, que&hellip;<\/p>\n","protected":false},"author":1,"featured_media":2425,"comment_status":"open","ping_status":"open","sticky":false,"template":"","format":"standard","meta":{"wpai_generated_summary":"","wpai_meta_description":"","footnotes":""},"categories":[132],"tags":[],"class_list":["post-2424","post","type-post","status-publish","format-standard","has-post-thumbnail","hentry","category-ayuntamiento-de-las-palmas-de-gran-canaria"],"_links":{"self":[{"href":"https:\/\/nublo.tv\/index.php\/wp-json\/wp\/v2\/posts\/2424","targetHints":{"allow":["GET"]}}],"collection":[{"href":"https:\/\/nublo.tv\/index.php\/wp-json\/wp\/v2\/posts"}],"about":[{"href":"https:\/\/nublo.tv\/index.php\/wp-json\/wp\/v2\/types\/post"}],"author":[{"embeddable":true,"href":"https:\/\/nublo.tv\/index.php\/wp-json\/wp\/v2\/users\/1"}],"replies":[{"embeddable":true,"href":"https:\/\/nublo.tv\/index.php\/wp-json\/wp\/v2\/comments?post=2424"}],"version-history":[{"count":1,"href":"https:\/\/nublo.tv\/index.php\/wp-json\/wp\/v2\/posts\/2424\/revisions"}],"predecessor-version":[{"id":2450,"href":"https:\/\/nublo.tv\/index.php\/wp-json\/wp\/v2\/posts\/2424\/revisions\/2450"}],"wp:featuredmedia":[{"embeddable":true,"href":"https:\/\/nublo.tv\/index.php\/wp-json\/wp\/v2\/media\/2425"}],"wp:attachment":[{"href":"https:\/\/nublo.tv\/index.php\/wp-json\/wp\/v2\/media?parent=2424"}],"wp:term":[{"taxonomy":"category","embeddable":true,"href":"https:\/\/nublo.tv\/index.php\/wp-json\/wp\/v2\/categories?post=2424"},{"taxonomy":"post_tag","embeddable":true,"href":"https:\/\/nublo.tv\/index.php\/wp-json\/wp\/v2\/tags?post=2424"}],"curies":[{"name":"wp","href":"https:\/\/api.w.org\/{rel}","templated":true}]}}