{"id":2426,"date":"2026-08-07T11:44:23","date_gmt":"2026-08-07T10:44:23","guid":{"rendered":"https:\/\/nublo.tv\/?p=2426"},"modified":"2026-08-27T12:35:26","modified_gmt":"2026-08-27T11:35:26","slug":"el-ayuntamiento-rebaja-a-alerta-la-situacion-por-riesgo-de-incendios-forestales","status":"publish","type":"post","link":"https:\/\/nublo.tv\/index.php\/2026\/08\/07\/el-ayuntamiento-rebaja-a-alerta-la-situacion-por-riesgo-de-incendios-forestales\/","title":{"rendered":"El Ayuntamiento rebaja a alerta la situaci\u00f3n por riesgo de incendios forestales"},"content":{"rendered":"<p>La actualizaci\u00f3n del PEMULPA entra en vigor desde las 08:00 horas de este viernes, siguiendo las instrucciones de la Direcci\u00f3n General de Emergencias del Gobierno de Canarias<\/p>\n<p>Las Palmas de Gran Canaria, 7 de agosto de 2026.- El Ayuntamiento de Las Palmas de Gran Canaria, a trav\u00e9s del Servicio de Seguridad y Emergencias de la Concejal\u00eda de Seguridad, Convivencia y Cultura, ha actualizado desde las 08:00 horas de este viernes la situaci\u00f3n por riesgo de incendios forestales, que pasa de alerta m\u00e1xima a alerta, siguiendo las instrucciones de la Direcci\u00f3n General de Emergencias del Gobierno de Canarias.<br \/>\nLa actualizaci\u00f3n del Plan de Emergencias Municipal de Las Palmas de Gran Canaria (PEMULPA) responde a la mejora de las condiciones meteorol\u00f3gicas que motivaron la declaraci\u00f3n de la alerta m\u00e1xima el pasado lunes y mantiene la vigilancia sobre las zonas situadas por encima de la cota de 400 metros sobre el nivel del mar en la vertiente norte de Gran Canaria.<br \/>\nEl Ayuntamiento continuar\u00e1 realizando un seguimiento permanente de la evoluci\u00f3n de la situaci\u00f3n y mantendr\u00e1 la coordinaci\u00f3n con la Direcci\u00f3n General de Emergencias del Gobierno de Canarias y el resto de administraciones competentes para adaptar las medidas de protecci\u00f3n en funci\u00f3n de la evoluci\u00f3n del riesgo.<br \/>\nAsimismo, el Consistorio recuerda a la ciudadan\u00eda la importancia de mantener la m\u00e1xima prudencia en las zonas forestales y de evitar cualquier conducta que pueda provocar un incendio. En este sentido, contin\u00faa vigente la recomendaci\u00f3n de no hacer fuego sin autorizaci\u00f3n, no arrojar colillas ni otros residuos al monte y evitar el uso de maquinaria que pueda generar chispas en \u00e1reas forestales o pr\u00f3ximas a ellas.<br \/>\nEn caso de detectar un incendio, se debe avisar inmediatamente al 1-1-2, facilitar la ubicaci\u00f3n del fuego y seguir en todo momento las indicaciones de los servicios de emergencia. Tambi\u00e9n se recomienda mantenerse informado a trav\u00e9s de los canales oficiales sobre cualquier actualizaci\u00f3n de la situaci\u00f3n.<\/p>\n","protected":false},"excerpt":{"rendered":"<p>El Ayuntamiento de Las Palmas de Gran Canaria, a trav\u00e9s del Servicio de Seguridad y Emergencias de la Concejal\u00eda de Seguridad, Convivencia y Cultura, ha actualizado desde las 08:00 horas&hellip;<\/p>\n","protected":false},"author":1,"featured_media":2427,"comment_status":"open","ping_status":"open","sticky":false,"template":"","format":"standard","meta":{"wpai_generated_summary":"","wpai_meta_description":"","footnotes":""},"categories":[132],"tags":[],"class_list":["post-2426","post","type-post","status-publish","format-standard","has-post-thumbnail","hentry","category-ayuntamiento-de-las-palmas-de-gran-canaria"],"_links":{"self":[{"href":"https:\/\/nublo.tv\/index.php\/wp-json\/wp\/v2\/posts\/2426","targetHints":{"allow":["GET"]}}],"collection":[{"href":"https:\/\/nublo.tv\/index.php\/wp-json\/wp\/v2\/posts"}],"about":[{"href":"https:\/\/nublo.tv\/index.php\/wp-json\/wp\/v2\/types\/post"}],"author":[{"embeddable":true,"href":"https:\/\/nublo.tv\/index.php\/wp-json\/wp\/v2\/users\/1"}],"replies":[{"embeddable":true,"href":"https:\/\/nublo.tv\/index.php\/wp-json\/wp\/v2\/comments?post=2426"}],"version-history":[{"count":1,"href":"https:\/\/nublo.tv\/index.php\/wp-json\/wp\/v2\/posts\/2426\/revisions"}],"predecessor-version":[{"id":2449,"href":"https:\/\/nublo.tv\/index.php\/wp-json\/wp\/v2\/posts\/2426\/revisions\/2449"}],"wp:featuredmedia":[{"embeddable":true,"href":"https:\/\/nublo.tv\/index.php\/wp-json\/wp\/v2\/media\/2427"}],"wp:attachment":[{"href":"https:\/\/nublo.tv\/index.php\/wp-json\/wp\/v2\/media?parent=2426"}],"wp:term":[{"taxonomy":"category","embeddable":true,"href":"https:\/\/nublo.tv\/index.php\/wp-json\/wp\/v2\/categories?post=2426"},{"taxonomy":"post_tag","embeddable":true,"href":"https:\/\/nublo.tv\/index.php\/wp-json\/wp\/v2\/tags?post=2426"}],"curies":[{"name":"wp","href":"https:\/\/api.w.org\/{rel}","templated":true}]}}