{"id":2428,"date":"2026-08-07T11:46:59","date_gmt":"2026-08-07T10:46:59","guid":{"rendered":"https:\/\/nublo.tv\/?p=2428"},"modified":"2026-08-07T11:49:59","modified_gmt":"2026-08-07T10:49:59","slug":"visita-institucional-a-la-ciudad-deportiva-de-barranco-seco-antes-del-inicio-de-la-temporada","status":"publish","type":"post","link":"https:\/\/nublo.tv\/index.php\/2026\/08\/07\/visita-institucional-a-la-ciudad-deportiva-de-barranco-seco-antes-del-inicio-de-la-temporada\/","title":{"rendered":"Visita institucional a la Ciudad Deportiva de Barranco Seco antes del inicio de la temporada"},"content":{"rendered":"\n<figure class=\"wp-block-image\"><img decoding=\"async\" src=\"https:\/\/statics-maker.llt-services.com\/lpa\/images\/2026\/08\/07\/xlarge-wp\/b42f60a5-8365-4ffe-92cc-9bd1135ef5a9-321.webp\" alt=\"\"\/><\/figure>\n\n\n\n<p class=\"wp-block-paragraph\"><\/p>\n\n\n\n<p class=\"wp-block-paragraph\">Visita institucional a la Ciudad Deportiva de Barranco Seco antes del inicio de la temporada<\/p>\n\n\n\n<p class=\"wp-block-paragraph\"><a href=\"https:\/\/www.facebook.com\/sharer\/sharer.php?u=https:\/\/www.udlaspalmas.es\/noticias\/visita-institucional-a-la-ciudad-deportiva-de-barranco-seco-antes-del-inicio-de-la-temporada\" target=\"_blank\" rel=\"noreferrer noopener\"><\/a><a href=\"https:\/\/www.facebook.com\/sharer\/sharer.php?u=https:\/\/www.udlaspalmas.es\/noticias\/visita-institucional-a-la-ciudad-deportiva-de-barranco-seco-antes-del-inicio-de-la-temporada\" target=\"_blank\" rel=\"noreferrer noopener\"><\/a><\/p>\n\n\n\n<p class=\"wp-block-paragraph\">La Ciudad Deportiva de Barranco Seco recibi\u00f3 este viernes la visita institucional de Manuel Dom\u00ednguez, vicepresidente del Gobierno de Canarias, y de Poli Su\u00e1rez, consejero de Deportes, quienes quisieron trasladar su apoyo y desear suerte a la UD Las Palmas de cara al inicio de la temporada 2026\/27.<\/p>\n\n\n\n<p class=\"wp-block-paragraph\">Ambos representantes fueron recibidos por el presidente de la UD Las Palmas, Miguel \u00c1ngel Ram\u00edrez, y tuvieron la oportunidad de saludar al cuerpo t\u00e9cnico y a la primera plantilla antes del comienzo de la sesi\u00f3n de entrenamiento. Asimismo, siguieron de cerca parte del trabajo dirigido por Rub\u00e9n de la Barrera en las instalaciones de la Ciudad Deportiva.<\/p>\n\n\n\n<p class=\"wp-block-paragraph\">La visita sirvi\u00f3 para mostrar el respaldo institucional al club en la antesala del comienzo de la competici\u00f3n, deseando al equipo los mayores \u00e9xitos para la nueva campa\u00f1a.<\/p>\n","protected":false},"excerpt":{"rendered":"<p>Saber m\u00e1s acerca de Visita institucional a la Ciudad Deportiva de Barranco Seco antes del inicio de la temporada &#8211; UD Las Palmas<\/p>\n","protected":false},"author":1,"featured_media":2429,"comment_status":"open","ping_status":"open","sticky":false,"template":"","format":"standard","meta":{"wpai_generated_summary":"","wpai_meta_description":"","footnotes":""},"categories":[122],"tags":[],"class_list":["post-2428","post","type-post","status-publish","format-standard","has-post-thumbnail","hentry","category-deportes"],"_links":{"self":[{"href":"https:\/\/nublo.tv\/index.php\/wp-json\/wp\/v2\/posts\/2428","targetHints":{"allow":["GET"]}}],"collection":[{"href":"https:\/\/nublo.tv\/index.php\/wp-json\/wp\/v2\/posts"}],"about":[{"href":"https:\/\/nublo.tv\/index.php\/wp-json\/wp\/v2\/types\/post"}],"author":[{"embeddable":true,"href":"https:\/\/nublo.tv\/index.php\/wp-json\/wp\/v2\/users\/1"}],"replies":[{"embeddable":true,"href":"https:\/\/nublo.tv\/index.php\/wp-json\/wp\/v2\/comments?post=2428"}],"version-history":[{"count":4,"href":"https:\/\/nublo.tv\/index.php\/wp-json\/wp\/v2\/posts\/2428\/revisions"}],"predecessor-version":[{"id":2476,"href":"https:\/\/nublo.tv\/index.php\/wp-json\/wp\/v2\/posts\/2428\/revisions\/2476"}],"wp:featuredmedia":[{"embeddable":true,"href":"https:\/\/nublo.tv\/index.php\/wp-json\/wp\/v2\/media\/2429"}],"wp:attachment":[{"href":"https:\/\/nublo.tv\/index.php\/wp-json\/wp\/v2\/media?parent=2428"}],"wp:term":[{"taxonomy":"category","embeddable":true,"href":"https:\/\/nublo.tv\/index.php\/wp-json\/wp\/v2\/categories?post=2428"},{"taxonomy":"post_tag","embeddable":true,"href":"https:\/\/nublo.tv\/index.php\/wp-json\/wp\/v2\/tags?post=2428"}],"curies":[{"name":"wp","href":"https:\/\/api.w.org\/{rel}","templated":true}]}}