{"id":2446,"date":"2026-08-07T11:44:19","date_gmt":"2026-08-07T10:44:19","guid":{"rendered":"https:\/\/nublo.tv\/?p=2446"},"modified":"2026-08-10T23:47:05","modified_gmt":"2026-08-10T22:47:05","slug":"np-el-cabildo-de-gran-canaria-invita-a-participar-en-la-visita-guiada-schamann-un-barrio-con-muchas-letras-y-leer-en-sus-calles-su-historia-e-identidad","status":"publish","type":"post","link":"https:\/\/nublo.tv\/index.php\/2026\/08\/07\/np-el-cabildo-de-gran-canaria-invita-a-participar-en-la-visita-guiada-schamann-un-barrio-con-muchas-letras-y-leer-en-sus-calles-su-historia-e-identidad\/","title":{"rendered":"El Cabildo de Gran Canaria invita a participar en la visita guiada \u2018Schamann, un barrio con muchas letras\u2019 y leer en sus calles su historia e identidad"},"content":{"rendered":"<p>El Cabildo de Gran Canaria invita a participar en la visita guiada \u2018Schamann, un barrio con muchas letras\u2019 y leer en sus calles su historia e identidad<\/p>\n<p>La iniciativa forma parte de la programaci\u00f3n anual de difusi\u00f3n del Servicio de Patrimonio Hist\u00f3rico del Cabildo de Gran Canaria<\/p>\n<p>La inscripci\u00f3n se abre el 10 de agosto para recorridos que tendr\u00e1n lugar los d\u00edas 13, 15, 20 y 27 de agosto y el 3, 5, y 10 de septiembre<\/p>\n<p>Gran Canaria, 7 de agosto de 2026 \u2013 El Cabildo de Gran Canaria abrir\u00e1 este lunes 10 de agosto a las 09.00 la inscripci\u00f3n para participar en la serie de visitas guiadas gratuitas \u2018Schamann, un barrio con muchas letras\u2019, que se desarrollar\u00e1 los d\u00edas 13,15, 20 y 27 de agosto y el 3, 5 y 10 de septiembre en dos pases diarios que tendr\u00e1 lugar a las 10.00 y a las 16.00. Las plazas son limitadas.<\/p>\n<p>La iniciativa forma parte del Programa de Visitas Guiadas del Servicio de Patrimonio Hist\u00f3rico, adscrita al \u00c1rea de Presidencia y Movilidad Sostenible y cuyas actividades y pr\u00f3ximas propuestas pueden consultarse en visitaspatrimonio.grancanaria.com. El formulario de inscripci\u00f3n y los detalles de la visita est\u00e1n alojados en la plataforma digital visitaspatrimonio.grancanaria.com.<\/p>\n<p>La actividad permitir\u00e1 descubrir la historia, identidad y patrimonio cultural de uno de los barrios con m\u00e1s personalidad de Las Palmas de Gran Canaria a trav\u00e9s de un recorrido guiado por Schamann, un lugar donde la memoria vecinal, la vida cotidiana y la actividad comercial han ido tejiendo, generaci\u00f3n tras generaci\u00f3n, un fuerte sentimiento de comunidad.<\/p>\n<p>Antes de que surgiera Schamann, estos terrenos estaban destinados a acoger un ambicioso proyecto urban\u00edstico con hoteles, chal\u00e9s, casino y tranv\u00eda, conocido como la barriada Carl\u00f3. Aunque nunca lleg\u00f3 a construirse, aquel proyecto marc\u00f3 el inicio de la historia del barrio que hoy conocemos.<\/p>\n<p>Durante la visita ser\u00e1n revelados detalles sobre su origen y evoluci\u00f3n nacido en la expansi\u00f3n de Ciudad Alta, acerc\u00e1ndonos a algunos de sus espacios m\u00e1s representativos, como el parque de Los Galgos, la calle Zaragoza, la iglesia de Nuestra Se\u00f1ora de los Dolores, el popular parque de Don Benito P\u00e9rez Gald\u00f3s, la calle comercial de Pedro Infinito o el mirador de Schamann.<\/p>\n<p>A mediados del siglo XX, el poeta Saulo Tor\u00f3n propuso convertir Schamann en un singular &quot;barrio galdosiano&quot;. Su iniciativa inspir\u00f3 que numerosas calles y espacios p\u00fablicos recibieran el nombre de personajes, novelas y escenarios creados por Benito P\u00e9rez Gald\u00f3s. A\u00f1os m\u00e1s tarde, esa idea tom\u00f3 tambi\u00e9n forma en la calle Zaragoza, donde diversos murales representan a algunos de los personajes m\u00e1s conocidos de sus novelas, haciendo que la literatura forme parte del paisaje urbano del barrio en un homenaje permanente a la obra del escritor.<\/p>\n<p>Schamann es, adem\u00e1s, un ejemplo de c\u00f3mo el patrimonio puede encontrarse en lugares que muchas veces pasan desapercibidos: en los comercios de cercan\u00eda, en los parques donde juegan los ni\u00f1os y ni\u00f1as, en las historias compartidas entre vecinas y vecinos o en aquellos rincones que forman parte de la memoria de quienes han vivido en el barrio toda su vida. En definitiva, este recorrido profundiza en la historia de un barrio que ha sabido conservar su car\u00e1cter, su arraigo y su particular manera de entender la vida en comunidad.<\/p>\n<p>&nbsp;<\/p>\n","protected":false},"excerpt":{"rendered":"<p>El Cabildo de Gran Canaria invita a participar en la visita guiada \u2018Schamann, un barrio con muchas letras\u2019 y leer en sus calles su historia e identidad La iniciativa forma&hellip;<\/p>\n","protected":false},"author":1,"featured_media":2447,"comment_status":"open","ping_status":"open","sticky":false,"template":"","format":"standard","meta":{"wpai_generated_summary":"","wpai_meta_description":"","footnotes":""},"categories":[148],"tags":[],"class_list":["post-2446","post","type-post","status-publish","format-standard","has-post-thumbnail","hentry","category-cabildo-de-gran-canaria"],"_links":{"self":[{"href":"https:\/\/nublo.tv\/index.php\/wp-json\/wp\/v2\/posts\/2446","targetHints":{"allow":["GET"]}}],"collection":[{"href":"https:\/\/nublo.tv\/index.php\/wp-json\/wp\/v2\/posts"}],"about":[{"href":"https:\/\/nublo.tv\/index.php\/wp-json\/wp\/v2\/types\/post"}],"author":[{"embeddable":true,"href":"https:\/\/nublo.tv\/index.php\/wp-json\/wp\/v2\/users\/1"}],"replies":[{"embeddable":true,"href":"https:\/\/nublo.tv\/index.php\/wp-json\/wp\/v2\/comments?post=2446"}],"version-history":[{"count":2,"href":"https:\/\/nublo.tv\/index.php\/wp-json\/wp\/v2\/posts\/2446\/revisions"}],"predecessor-version":[{"id":3089,"href":"https:\/\/nublo.tv\/index.php\/wp-json\/wp\/v2\/posts\/2446\/revisions\/3089"}],"wp:featuredmedia":[{"embeddable":true,"href":"https:\/\/nublo.tv\/index.php\/wp-json\/wp\/v2\/media\/2447"}],"wp:attachment":[{"href":"https:\/\/nublo.tv\/index.php\/wp-json\/wp\/v2\/media?parent=2446"}],"wp:term":[{"taxonomy":"category","embeddable":true,"href":"https:\/\/nublo.tv\/index.php\/wp-json\/wp\/v2\/categories?post=2446"},{"taxonomy":"post_tag","embeddable":true,"href":"https:\/\/nublo.tv\/index.php\/wp-json\/wp\/v2\/tags?post=2446"}],"curies":[{"name":"wp","href":"https:\/\/api.w.org\/{rel}","templated":true}]}}