{"id":2477,"date":"2026-08-07T11:52:22","date_gmt":"2026-08-07T10:52:22","guid":{"rendered":"https:\/\/nublo.tv\/?p=2477"},"modified":"2026-08-29T08:57:49","modified_gmt":"2026-08-29T07:57:49","slug":"los-caniches-se-coronan-campeones-del-torneo-de-futbol-sala-la-aldea-verano-2026-tras-una-vibrante-final","status":"publish","type":"post","link":"https:\/\/nublo.tv\/index.php\/2026\/08\/07\/los-caniches-se-coronan-campeones-del-torneo-de-futbol-sala-la-aldea-verano-2026-tras-una-vibrante-final\/","title":{"rendered":"\u2018Los Caniches\u2019 se coronan campeones del Torneo de F\u00fatbol Sala La Aldea Verano 2026 tras una vibrante final"},"content":{"rendered":"<p>El Pabell\u00f3n de Los Cascajos registr\u00f3 un lleno absoluto para presenciar el desenlace de esta tradicional competici\u00f3n estival, que ha reunido a m\u00e1s de 140 jugadores durante el mes de julio<\/p>\n<p>El deporte aldeano vivi\u00f3 la tarde-noche del pasado jueves, 30 de julio, una de sus jornadas m\u00e1s multitudinarias y emocionantes con la disputa de las finales del tradicional Torneo de F\u00fatbol Sala La Aldea Verano 2026. Las gradas del Pabell\u00f3n de Los Cascajos presentaron un lleno hasta la bandera, demostrando una vez m\u00e1s la gran afici\u00f3n y el arraigo que tiene esta competici\u00f3n estival en el municipio, por la que han pasado m\u00e1s de 140 jugadores a lo largo de todo el mes de julio.<\/p>\n<p>La velada deportiva arranc\u00f3 con el primer partido en la categor\u00eda infantil, donde el conjunto de &#8216;Los Farrucos&#8217; se mostr\u00f3 muy superior en la cancha frente a la escuadra de &#8216;Aston Birra&#8217;, alz\u00e1ndose con el campeonato. A continuaci\u00f3n, fue el turno de la categor\u00eda cadete, en la que el &#8216;Dragon Team&#8217; logr\u00f3 imponerse con autoridad al equipo &#8216;Pipo y Los Dem\u00e1s&#8217;.<\/p>\n<p>El plato fuerte de la noche lleg\u00f3 con la gran final de la categor\u00eda s\u00e9nior. Fue un encuentro marcado por la intensidad y la emoci\u00f3n hasta el pitido final, en el que &#8216;Los Caniches&#8217; terminaron imponi\u00e9ndose por la m\u00ednima (4-3) a un combativo &#8216;Atl\u00e9tico Nestle&#8217;, llev\u00e1ndose as\u00ed el ansiado t\u00edtulo de campeones del verano aldeano.<\/p>\n<p>Tras la disputa de los encuentros, se procedi\u00f3 a la tradicional ceremonia de entrega de trofeos. En el plano colectivo e individual, el cuadro de honor dej\u00f3 como campe\u00f3n en la categor\u00eda s\u00e9nior a &#8216;Los Caniches&#8217;, acompa\u00f1ados en el podio por &#8216;Atl\u00e9tico Nestle&#8217; como subcampeones. En esta misma categor\u00eda, Jonatahan Martel (Atl\u00e9tico Nestle) se alz\u00f3 con el trofeo al m\u00e1ximo goleador con 18 tantos, mientras que su compa\u00f1ero de equipo, Junior Fern\u00e1ndez, fue reconocido como el portero menos goleado tras encajar 18 goles.<\/p>\n<p>Por su parte, en la categor\u00eda cadete, &#8216;Dragon Team&#8217; se proclam\u00f3 campe\u00f3n por delante de &#8216;Pipo y Los Dem\u00e1s&#8217;. El premio al m\u00e1ximo artillero fue para Yanis Georgian (Dragon Team) con 15 dianas, y el de portero menos goleado recay\u00f3 en Iker Oliva, tambi\u00e9n del conjunto campe\u00f3n, con 27 tantos en contra.<\/p>\n<p>Finalmente, en la categor\u00eda infantil, &#8216;Los Farrucos&#8217; consiguieron el t\u00edtulo de campeones, dejando el subcampeonato a &#8216;Aston Birra&#8217;. Los galardones individuales en esta franja de edad fueron dominados por &#8216;Los Farrucos&#8217;, con Neithan Su\u00e1rez como m\u00e1ximo goleador (7 goles) e Izan Guerra como portero menos goleado (10 goles encajados).<\/p>\n<p>\u00abEl ambiente vivido en Los Cascajos refleja la excelente salud de la que goza el deporte base y aficionado en La Aldea de San Nicol\u00e1s. Este torneo es un punto de encuentro ineludible cada verano para nuestros j\u00f3venes, que fomentan el compa\u00f1erismo y los h\u00e1bitos de vida saludables\u00bb, ha destacado el concejal de Deportes, Miguel Ulises\u00a0Afonso.<\/p>\n<p>En este sentido, El Ayuntamiento de La Aldea de San Nicol\u00e1s recuerda a todos los aficionados que el calendario deportivo estival no se detiene aqu\u00ed. Este viernes 7 y s\u00e1bado 8 de agosto se disputan las esperadas &#8217;24 Horas de F\u00fatbol Sala&#8217;. Desde la organizaci\u00f3n se informa que las inscripciones para participar en este marat\u00f3n deportivo ya est\u00e1n cerradas y animan a ciudadanos y visitantes a disfrutar de estas jornadas deportivas intensas.<\/p>\n<p>&nbsp;<\/p>\n<p>es\u00bb>La Aldea<\/a>.<\/p>\n","protected":false},"excerpt":{"rendered":"<p>El Pabell\u00f3n de Los Cascajos registr\u00f3 un lleno absoluto para presenciar el desenlace de esta tradicional competici\u00f3n estival, que ha reunido a m\u00e1s de 140 jugadores durante el mes de&hellip;<\/p>\n","protected":false},"author":1,"featured_media":2478,"comment_status":"open","ping_status":"open","sticky":false,"template":"","format":"standard","meta":{"wpai_generated_summary":"","wpai_meta_description":"","footnotes":""},"categories":[131],"tags":[],"class_list":["post-2477","post","type-post","status-publish","format-standard","has-post-thumbnail","hentry","category-ayuntamiento-de-la-aldea-de-san-nicolas"],"_links":{"self":[{"href":"https:\/\/nublo.tv\/index.php\/wp-json\/wp\/v2\/posts\/2477","targetHints":{"allow":["GET"]}}],"collection":[{"href":"https:\/\/nublo.tv\/index.php\/wp-json\/wp\/v2\/posts"}],"about":[{"href":"https:\/\/nublo.tv\/index.php\/wp-json\/wp\/v2\/types\/post"}],"author":[{"embeddable":true,"href":"https:\/\/nublo.tv\/index.php\/wp-json\/wp\/v2\/users\/1"}],"replies":[{"embeddable":true,"href":"https:\/\/nublo.tv\/index.php\/wp-json\/wp\/v2\/comments?post=2477"}],"version-history":[{"count":2,"href":"https:\/\/nublo.tv\/index.php\/wp-json\/wp\/v2\/posts\/2477\/revisions"}],"predecessor-version":[{"id":18105,"href":"https:\/\/nublo.tv\/index.php\/wp-json\/wp\/v2\/posts\/2477\/revisions\/18105"}],"wp:featuredmedia":[{"embeddable":true,"href":"https:\/\/nublo.tv\/index.php\/wp-json\/wp\/v2\/media\/2478"}],"wp:attachment":[{"href":"https:\/\/nublo.tv\/index.php\/wp-json\/wp\/v2\/media?parent=2477"}],"wp:term":[{"taxonomy":"category","embeddable":true,"href":"https:\/\/nublo.tv\/index.php\/wp-json\/wp\/v2\/categories?post=2477"},{"taxonomy":"post_tag","embeddable":true,"href":"https:\/\/nublo.tv\/index.php\/wp-json\/wp\/v2\/tags?post=2477"}],"curies":[{"name":"wp","href":"https:\/\/api.w.org\/{rel}","templated":true}]}}