{"id":248,"date":"2026-08-04T17:35:23","date_gmt":"2026-08-04T16:35:23","guid":{"rendered":"https:\/\/nublo.tv\/?p=248"},"modified":"2026-08-04T17:35:23","modified_gmt":"2026-08-04T16:35:23","slug":"el-balneario-de-melenara-reabre-este-viernes-tras-culminar-su-renovacion-integral","status":"publish","type":"post","link":"https:\/\/nublo.tv\/index.php\/2026\/08\/04\/el-balneario-de-melenara-reabre-este-viernes-tras-culminar-su-renovacion-integral\/","title":{"rendered":"El balneario de Melenara reabre este viernes tras culminar su renovaci\u00f3n integral"},"content":{"rendered":"<p align=\"justify\"><strong>Telde, a 30 de julio de 2026.<\/strong> El Ayuntamiento de Telde, a trav\u00e9s de la Concejal\u00eda de Servicios Municipales, que dirige Juan Martel, informa de la reapertura al p\u00fablico del balneario de Melenara, que volver\u00e1 a prestar servicio desde este viernes con total normalidad y en su horario habitual, una vez finalizadas las obras de renovaci\u00f3n integral de sus instalaciones.<\/p>\n<p align=\"justify\">La actuaci\u00f3n forma parte de la segunda y \u00faltima fase del proyecto de remodelaci\u00f3n del paseo mar\u00edtimo de Melenara, una intervenci\u00f3n estrat\u00e9gica impulsada por la Concejal\u00eda de V\u00edas y Obras, que dirige Iv\u00e1n S\u00e1nchez, que cuenta con una inversi\u00f3n global de 1.128.232,35 euros y que permitir\u00e1 transformar uno de los espacios m\u00e1s emblem\u00e1ticos del litoral teldense, mejorando su accesibilidad, funcionalidad e imagen.<\/p>\n<p align=\"justify\">Entre las principales novedades del balneario destaca la incorporaci\u00f3n de cabinas adaptadas para personas ostomizadas, con un espacio espec\u00edfico en los aseos masculinos y otro en los femeninos, dise\u00f1ados para facilitar la higiene y mejorar la comodidad de personas con enfermedades como el Crohn o pacientes oncol\u00f3gicos. Asimismo, las instalaciones disponen de nuevos ba\u00f1os y duchas accesibles, reforzando el compromiso municipal con la inclusi\u00f3n y la eliminaci\u00f3n de barreras.<\/p>\n<p align=\"justify\">Juan Martel destaca que<strong> \u201cla reapertura del balneario supone recuperar para la ciudadan\u00eda un servicio esencial en la playa de Melenara, ahora con unas instalaciones completamente renovadas, m\u00e1s modernas, accesibles y adaptadas a las necesidades de todos los usuarios\u201d.<\/strong> El edil a\u00f1ade que <strong>\u201cesta actuaci\u00f3n refleja la apuesta del Ayuntamiento por ofrecer servicios p\u00fablicos de mayor calidad y por seguir mejorando el frente mar\u00edtimo de la ciudad\u201d.<\/strong><\/p>\n<p align=\"justify\">Adem\u00e1s de la renovaci\u00f3n del balneario, el proyecto completo contempla la mejora del paseo mar\u00edtimo, la instalaci\u00f3n de nuevas zonas de sombra, mobiliario urbano, alumbrado m\u00e1s eficiente, un sistema de drenaje renovado, aparcabicicletas y un plan de paisajismo costero. Tambi\u00e9n incluye la transformaci\u00f3n del parque infantil, que contar\u00e1 con una tem\u00e1tica marinera protagonizada por un barco pirata.<\/p>\n<p align=\"justify\">El Ayuntamiento agradece la comprensi\u00f3n de vecinos, vecinas y visitantes durante el desarrollo de los trabajos e invita a la ciudadan\u00eda a disfrutar nuevamente de un balneario completamente renovado, que se convierte en uno de los principales avances sociales y funcionales de la remodelaci\u00f3n integral del paseo mar\u00edtimo de Melenara.<\/p>\n","protected":false},"excerpt":{"rendered":"<p>Telde, a 30 de julio de 2026. El Ayuntamiento de Telde, a trav\u00e9s de la Concejal\u00eda de Servicios Municipales, que dirige Juan Martel, informa de la reapertura al p\u00fablico del&hellip;<\/p>\n","protected":false},"author":20,"featured_media":250,"comment_status":"open","ping_status":"open","sticky":false,"template":"","format":"standard","meta":{"wpai_generated_summary":"","wpai_meta_description":"","footnotes":""},"categories":[140],"tags":[],"class_list":["post-248","post","type-post","status-publish","format-standard","has-post-thumbnail","hentry","category-ayuntamiento-de-telde"],"_links":{"self":[{"href":"https:\/\/nublo.tv\/index.php\/wp-json\/wp\/v2\/posts\/248","targetHints":{"allow":["GET"]}}],"collection":[{"href":"https:\/\/nublo.tv\/index.php\/wp-json\/wp\/v2\/posts"}],"about":[{"href":"https:\/\/nublo.tv\/index.php\/wp-json\/wp\/v2\/types\/post"}],"author":[{"embeddable":true,"href":"https:\/\/nublo.tv\/index.php\/wp-json\/wp\/v2\/users\/20"}],"replies":[{"embeddable":true,"href":"https:\/\/nublo.tv\/index.php\/wp-json\/wp\/v2\/comments?post=248"}],"version-history":[{"count":1,"href":"https:\/\/nublo.tv\/index.php\/wp-json\/wp\/v2\/posts\/248\/revisions"}],"predecessor-version":[{"id":495,"href":"https:\/\/nublo.tv\/index.php\/wp-json\/wp\/v2\/posts\/248\/revisions\/495"}],"wp:featuredmedia":[{"embeddable":true,"href":"https:\/\/nublo.tv\/index.php\/wp-json\/wp\/v2\/media\/250"}],"wp:attachment":[{"href":"https:\/\/nublo.tv\/index.php\/wp-json\/wp\/v2\/media?parent=248"}],"wp:term":[{"taxonomy":"category","embeddable":true,"href":"https:\/\/nublo.tv\/index.php\/wp-json\/wp\/v2\/categories?post=248"},{"taxonomy":"post_tag","embeddable":true,"href":"https:\/\/nublo.tv\/index.php\/wp-json\/wp\/v2\/tags?post=248"}],"curies":[{"name":"wp","href":"https:\/\/api.w.org\/{rel}","templated":true}]}}