{"id":2491,"date":"2026-08-07T12:39:57","date_gmt":"2026-08-07T11:39:57","guid":{"rendered":"https:\/\/nublo.tv\/?p=2491"},"modified":"2026-08-27T12:35:26","modified_gmt":"2026-08-27T11:35:26","slug":"el-gobierno-de-canarias-actualiza-la-situacion-pasando-a-alerta-por-riesgo-de-incendios-forestales-en-gran-canaria","status":"publish","type":"post","link":"https:\/\/nublo.tv\/index.php\/2026\/08\/07\/el-gobierno-de-canarias-actualiza-la-situacion-pasando-a-alerta-por-riesgo-de-incendios-forestales-en-gran-canaria\/","title":{"rendered":"El Gobierno de Canarias actualiza la situaci\u00f3n pasando a alerta por riesgo de incendios forestales en Gran Canaria"},"content":{"rendered":"<blockquote>\n<p>Las islas de El Hierro, La Gomera, La Palma y Tenerife contin\u00faan en situaci\u00f3n de Alerta.<\/p>\n<\/blockquote>\n<p>El Gobierno de Canarias, a trav\u00e9s de la Direcci\u00f3n General de Emergencias, actualiza la situaci\u00f3n de alerta por riesgo de incendios forestales en Gran Canaria a partir de las 08:00 horas de hoy, viernes 7 de agosto, de 2026.<\/p>\n<p>Esta decisi\u00f3n se adopta teniendo en cuenta la informaci\u00f3n facilitada por la Agencia Estatal de Meteorolog\u00eda y otras fuentes disponibles, y en aplicaci\u00f3n del Plan Especial de Protecci\u00f3n Civil y Atenci\u00f3n de Emergencias por Incendios Forestales de la Comunidad Aut\u00f3noma de Canarias (INFOCA).<\/p>\n<p><strong>\u00c1mbito territorial: <\/strong><\/p>\n<p>Gran Canaria a partir de la cota 400. Las islas de El Hierro, La Gomera, La Palma y Tenerife permanecen en Alerta.<\/p>\n<p><strong>Observaciones:<\/strong><\/p>\n<p>Aunque las temperaturas han descendido desde el inicio del episodio de altas temperaturas, la vegetaci\u00f3n necesita un tiempo para recuperarse y volver a condiciones normales de<br \/>\nverano. A\u00fan se superar\u00e1n los 30\u00baC en amplias zonas, exceptuando zonas bajas de las vertientes norte<br \/>\nde las islas.<\/p>\n<p>El vierto del nordeste moderado a fuerte, con rachas ocasionales muy fuertes (hasta 70-80 km\/h) desplaza una masa de aire superficial con mayor humedad que en d\u00edas anteriores, por lo que la cota de inversi\u00f3n puede ascender hasta los 500 m. Sin embargo, en las cotas altas, centrales y arboladas de las islas, la humedad relativa se sigue situando por debajo del 30%.<\/p>\n<p>De acuerdo con el \u00cdndice de Propagaci\u00f3n Potencial de Incendios Forestales (IPIF) de AEMET, se prev\u00e9n a\u00fan valores de riesgo alto y muy alto en amplias zonas arboladas de las cumbres de las islas.<\/p>\n<p>Se insta a la poblaci\u00f3n a seguir los siguientes\u00a0<a href=\"https:\/\/www.gobiernodecanarias.org\/emergencias\/alertas\/consejos\/incendios\/incendios.html\">consejos de autoprotecci\u00f3n<\/a>\u00a0de la Direcci\u00f3n General de Emergencias.<\/p>\n<p><a href=\"https:\/\/www3.gobiernodecanarias.org\/noticias\/wp-content\/uploads\/2026\/08\/26-08-07-Actualizacion_2-boletin-5-INFOCA-Alerta.pdf\">26-08-07 Actualizacion_2 boletin 5 INFOCA Alerta<\/a> <a href=\"https:\/\/www3.gobiernodecanarias.org\/noticias\/wp-content\/uploads\/2026\/08\/INFOCA-RECOMENDACIONES-RIESGO-DE-INCENDIOS-FORESTALES.pdf\">INFOCA \u2013 RECOMENDACIONES \u2013 RIESGO DE INCENDIOS FORESTALES<\/a><\/p>\n<p><a href=\"https:\/\/www3.gobiernodecanarias.org\/noticias\/wp-content\/uploads\/2026\/08\/INFOCA-RECOMENDACIONES-RIESGO-DE-INCENDIOS-FORESTALES.pdf\">INFOCA \u2013 RECOMENDACIONES \u2013 RIESGO DE INCENDIOS FORESTALES<\/a><\/p>\n","protected":false},"excerpt":{"rendered":"<p>Las islas de El Hierro, La Gomera, La Palma y Tenerife contin\u00faan en situaci\u00f3n de Alerta. El Gobierno de Canarias, a trav\u00e9s de la Direcci\u00f3n General de Emergencias, actualiza la&hellip;<\/p>\n","protected":false},"author":1,"featured_media":2492,"comment_status":"open","ping_status":"open","sticky":false,"template":"","format":"standard","meta":{"wpai_generated_summary":"","wpai_meta_description":"","footnotes":""},"categories":[121],"tags":[],"class_list":["post-2491","post","type-post","status-publish","format-standard","has-post-thumbnail","hentry","category-noticias"],"_links":{"self":[{"href":"https:\/\/nublo.tv\/index.php\/wp-json\/wp\/v2\/posts\/2491","targetHints":{"allow":["GET"]}}],"collection":[{"href":"https:\/\/nublo.tv\/index.php\/wp-json\/wp\/v2\/posts"}],"about":[{"href":"https:\/\/nublo.tv\/index.php\/wp-json\/wp\/v2\/types\/post"}],"author":[{"embeddable":true,"href":"https:\/\/nublo.tv\/index.php\/wp-json\/wp\/v2\/users\/1"}],"replies":[{"embeddable":true,"href":"https:\/\/nublo.tv\/index.php\/wp-json\/wp\/v2\/comments?post=2491"}],"version-history":[{"count":1,"href":"https:\/\/nublo.tv\/index.php\/wp-json\/wp\/v2\/posts\/2491\/revisions"}],"predecessor-version":[{"id":2505,"href":"https:\/\/nublo.tv\/index.php\/wp-json\/wp\/v2\/posts\/2491\/revisions\/2505"}],"wp:featuredmedia":[{"embeddable":true,"href":"https:\/\/nublo.tv\/index.php\/wp-json\/wp\/v2\/media\/2492"}],"wp:attachment":[{"href":"https:\/\/nublo.tv\/index.php\/wp-json\/wp\/v2\/media?parent=2491"}],"wp:term":[{"taxonomy":"category","embeddable":true,"href":"https:\/\/nublo.tv\/index.php\/wp-json\/wp\/v2\/categories?post=2491"},{"taxonomy":"post_tag","embeddable":true,"href":"https:\/\/nublo.tv\/index.php\/wp-json\/wp\/v2\/tags?post=2491"}],"curies":[{"name":"wp","href":"https:\/\/api.w.org\/{rel}","templated":true}]}}