{"id":2500,"date":"2026-08-07T16:50:05","date_gmt":"2026-08-07T15:50:05","guid":{"rendered":"https:\/\/nublo.tv\/?p=2500"},"modified":"2026-08-07T17:53:52","modified_gmt":"2026-08-07T16:53:52","slug":"pedro-rodriguez-acusa-al-ayuntamiento-de-guia-de-ocultar-la-sentencia-que-anula-la-compatibilidad-del-concejal-alejandro-rivero-video","status":"publish","type":"post","link":"https:\/\/nublo.tv\/index.php\/2026\/08\/07\/pedro-rodriguez-acusa-al-ayuntamiento-de-guia-de-ocultar-la-sentencia-que-anula-la-compatibilidad-del-concejal-alejandro-rivero-video\/","title":{"rendered":"Pedro Rodr\u00edguez acusa al Ayuntamiento de Gu\u00eda de \u00abocultar\u00bb la sentencia que anula la compatibilidad del concejal Alejandro Rivero (Video)"},"content":{"rendered":"\n<p class=\"wp-block-paragraph\">El presidente de Juntos por Gu\u00eda reprocha al grupo de gobierno municipal la falta de transparencia tras la resoluci\u00f3n del Tribunal Superior de Justicia de Canarias, que da la raz\u00f3n a su recurso.<\/p>\n\n\n\n<p class=\"wp-block-paragraph\"><br>EN GRAN CANARIA. \u2014 El exalcalde de Santa Mar\u00eda de Gu\u00eda y presidente del grupo municipal Juntos por Gu\u00eda, Pedro Rodr\u00edguez, ha comparecido en rueda de prensa para valorar la reciente sentencia de la Sala de lo Contencioso-Administrativo del Tribunal Superior de Justicia de Canarias (TSJC). El fallo judicial anula el acuerdo plenario de octubre de 2024 que permit\u00eda al concejal del Partido Popular, Alejandro Rivero, compaginar el cobro del 90% de un sueldo p\u00fablico con su actividad profesional privada.<\/p>\n\n\n\n<p class=\"wp-block-paragraph\"><br>En su intervenci\u00f3n, Rodr\u00edguez ha situado el foco en la actuaci\u00f3n y el discurso del grupo de gobierno tras la moci\u00f3n de censura registrada en el municipio. \u00abLlevamos casi dos a\u00f1os escuchando tanto al alcalde como a varios concejales decir que su trabajo se basa en la transparencia y en otra forma de hacer pol\u00edtica\u00bb, ha se\u00f1alado, recriminando que la resoluci\u00f3n dictada por el alto tribunal canario el pasado 24 de julio no haya sido comunicada a la ciudadan\u00eda por los canales oficiales del Consistorio.<\/p>\n\n\n\n<p class=\"wp-block-paragraph\"><br>Cr\u00edticas por el \u00abdoble rasero\u00bb en la difusi\u00f3n municipal<br>El l\u00edder de la oposici\u00f3n ha recordado que en octubre del a\u00f1o pasado, cuando el juzgado de primera instancia desestim\u00f3 inicialmente su recurso contencioso-administrativo, el Ayuntamiento difundi\u00f3 la noticia con rapidez tanto en sus redes sociales como en medios de comunicaci\u00f3n. En aquel momento, seg\u00fan expuso Rodr\u00edguez, tuvo que soportar acusaciones por parte del alcalde en las que se tildaba su acci\u00f3n judicial de \u00abfr\u00edvola\u00bb, poco seria y motivada por un \u00ab\u00e1nimo destructivo\u00bb.<br>\u00abYo me call\u00e9 y guard\u00e9 silencio mientras el procedimiento judicial continuaba\u00bb, ha afirmado el exregidor al referirse a la presentaci\u00f3n del recurso de apelaci\u00f3n. Tras la sentencia favorable emitida por tres magistrados del TSJC, Rodr\u00edguez cuestiona el silencio guardado por el gobierno local desde el 24 de julio: \u00ab\u00bfPor qu\u00e9 con la misma celeridad que lo hicieron el 29 de octubre no sacaron r\u00e1pidamente un comunicado en las redes sociales y a los medios? Porque ahora tienen que llevar al pleno de nuevo la compatibilidad de ese concejal\u00bb.<\/p>\n\n\n\n<p class=\"wp-block-paragraph\"><br>Rodr\u00edguez concluy\u00f3 su comparecencia reiterando su confianza en la administraci\u00f3n de justicia al se\u00f1alar que \u00abel tiempo es el mejor juez\u00bb.<\/p>\n\n\n\n<p class=\"wp-block-paragraph\">&nbsp;<\/p>\n\n\n\n<figure class=\"wp-block-embed aligncenter is-type-video is-provider-youtube wp-block-embed-youtube wp-embed-aspect-16-9 wp-has-aspect-ratio\"><div class=\"wp-block-embed__wrapper\">\n<iframe loading=\"lazy\" title=\"Pedro Rodr\u00edguez acusa al Ayuntamiento de Gu\u00eda de ocultar la sentencia del TSJC\" width=\"640\" height=\"360\" src=\"https:\/\/www.youtube.com\/embed\/eOhhp3aEmF8?feature=oembed\" frameborder=\"0\" allow=\"accelerometer; autoplay; clipboard-write; encrypted-media; gyroscope; picture-in-picture; web-share\" referrerpolicy=\"strict-origin-when-cross-origin\" allowfullscreen><\/iframe>\n<\/div><\/figure>\n","protected":false},"excerpt":{"rendered":"<p>El presidente de Juntos por Gu\u00eda reprocha al grupo de gobierno municipal la falta de transparencia tras la resoluci\u00f3n del Tribunal Superior de Justicia de Canarias, que da la raz\u00f3n a su recurso. EN GRAN CANARIA. \u2014 El exalcalde de Santa Mar\u00eda de Gu\u00eda y presidente del grupo municipal Juntos por Gu\u00eda, Pedro Rodr\u00edguez, ha [&hellip;]<\/p>\n","protected":false},"author":1,"featured_media":2645,"comment_status":"open","ping_status":"open","sticky":false,"template":"","format":"standard","meta":{"wpai_generated_summary":"","wpai_meta_description":"","footnotes":""},"categories":[123],"tags":[],"class_list":["post-2500","post","type-post","status-publish","format-standard","has-post-thumbnail","hentry","category-municipales"],"_links":{"self":[{"href":"https:\/\/nublo.tv\/index.php\/wp-json\/wp\/v2\/posts\/2500","targetHints":{"allow":["GET"]}}],"collection":[{"href":"https:\/\/nublo.tv\/index.php\/wp-json\/wp\/v2\/posts"}],"about":[{"href":"https:\/\/nublo.tv\/index.php\/wp-json\/wp\/v2\/types\/post"}],"author":[{"embeddable":true,"href":"https:\/\/nublo.tv\/index.php\/wp-json\/wp\/v2\/users\/1"}],"replies":[{"embeddable":true,"href":"https:\/\/nublo.tv\/index.php\/wp-json\/wp\/v2\/comments?post=2500"}],"version-history":[{"count":11,"href":"https:\/\/nublo.tv\/index.php\/wp-json\/wp\/v2\/posts\/2500\/revisions"}],"predecessor-version":[{"id":2673,"href":"https:\/\/nublo.tv\/index.php\/wp-json\/wp\/v2\/posts\/2500\/revisions\/2673"}],"wp:featuredmedia":[{"embeddable":true,"href":"https:\/\/nublo.tv\/index.php\/wp-json\/wp\/v2\/media\/2645"}],"wp:attachment":[{"href":"https:\/\/nublo.tv\/index.php\/wp-json\/wp\/v2\/media?parent=2500"}],"wp:term":[{"taxonomy":"category","embeddable":true,"href":"https:\/\/nublo.tv\/index.php\/wp-json\/wp\/v2\/categories?post=2500"},{"taxonomy":"post_tag","embeddable":true,"href":"https:\/\/nublo.tv\/index.php\/wp-json\/wp\/v2\/tags?post=2500"}],"curies":[{"name":"wp","href":"https:\/\/api.w.org\/{rel}","templated":true}]}}