{"id":252,"date":"2026-08-04T17:35:23","date_gmt":"2026-08-04T16:35:23","guid":{"rendered":"https:\/\/nublo.tv\/?p=252"},"modified":"2026-08-04T17:35:23","modified_gmt":"2026-08-04T16:35:23","slug":"el-alcalde-felicita-a-la-peluqueria-michel-y-yurena-por-su-extensa-y-exitosa-trayectoria-en-el-barrio-de-san-gregorio","status":"publish","type":"post","link":"https:\/\/nublo.tv\/index.php\/2026\/08\/04\/el-alcalde-felicita-a-la-peluqueria-michel-y-yurena-por-su-extensa-y-exitosa-trayectoria-en-el-barrio-de-san-gregorio\/","title":{"rendered":"El alcalde felicita a la Peluquer\u00eda Michel y Yurena por su \u201cextensa y exitosa\u201d trayectoria en el barrio de San Gregorio"},"content":{"rendered":"<p align=\"justify\"><strong>Telde, a 30 de julio de 2026.<\/strong> El alcalde de Telde, Juan Antonio Pe\u00f1a, visit\u00f3 recientemente la Peluquer\u00eda Michel y Yurena, en el n\u00famero 3 de la calle Congreso, en el barrio de San Gregorio, para felicitar a su due\u00f1a, Yurena Ben\u00edtez, por una \u201cextensa y exitosa\u201d trayectoria ofreciendo un servicio cercano y de calidad a vecinos y vecinas de todo el municipio.<\/p>\n<p align=\"justify\">La Peluquer\u00eda Michel y Yurena abri\u00f3 sus puertas a finales de los a\u00f1os 70 de la mano de Michel Montesdeoca, t\u00edo de la actual propietaria del establecimiento. En aquel entonces naci\u00f3 como un negocio moderno y avanzado a su \u00e9poca, siendo una de las primeras peluquer\u00edas de la ciudad en la que se ofrec\u00eda servicios para hombres y mujeres.<\/p>\n<p align=\"justify\">Michel tambi\u00e9n fue un hombre adelantado a su tiempo. En los a\u00f1os 70 viaj\u00f3 a Londres (Inglaterra), donde se desarroll\u00f3 como persona y trabaj\u00f3 para pagarse sus estudios de peluquer\u00eda. A\u00f1os m\u00e1s tarde regres\u00f3 a Telde, donde abri\u00f3 su propio local e implement\u00f3 todo lo aprendido durante su etapa en el extranjero.<\/p>\n<p align=\"justify\">Yurena, su sobrina, siempre vio a Michel como un referente. Desde muy peque\u00f1a se empez\u00f3 a interesar por la profesi\u00f3n de su t\u00edo. A los seis a\u00f1os comenz\u00f3 a ayudarle, barriendo o lavando la cabeza a los clientes, <strong>\u201cen lo que hiciese falta\u201d<\/strong>, recuerda ella misma. Cuando Michel falleci\u00f3, Yurena decidi\u00f3 estudiar administraci\u00f3n de empresas y peluquer\u00eda, con el objetivo de continuar sus pasos en el negocio familiar que \u00e9l mismo hab\u00eda construido.<\/p>\n<p align=\"justify\">A d\u00eda de hoy, Yurena sigue form\u00e1ndose en nuevos tratamientos, productos y cortes, con el compromiso de ofrecer la mejor variedad y calidad en est\u00e9tica y belleza del cabello a los vecinos y vecinas, manteniendo la cercan\u00eda, la humanidad y la profesionalidad que siempre ha caracterizado a este comercio local desde su apertura. <strong>\u201cContinuar el legado de mi t\u00edo es una responsabilidad y un orgullo para m\u00ed\u201d,<\/strong> reconoce Yurena.<\/p>\n<p align=\"justify\">Juan Antonio Pe\u00f1a, alcalde de la ciudad, asegura que<strong> \u201cnegocios como este son la prueba de que con constancia y sacrificio es posible hacer crecer un proyecto y mantenerlo durante muchos a\u00f1os. La humildad de Yurena y su t\u00edo Michel han hecho posible que este establecimiento siga siendo no solo un gran lugar para cuidar la imagen, sino un espacio de encuentro y confianza para muchos vecinos y vecinas de nuestra ciudad que acuden fielmente a su cita semanal o mensual\u201d.<\/strong><\/p>\n<p align=\"justify\">En este sentido, el regidor local traslad\u00f3 a Yurena la felicitaci\u00f3n de la ciudad por su trayectoria y el compromiso del Ayuntamiento de Telde para apoyarles y asistirles en lo que sea posible <strong>\u201cy as\u00ed contribuir a que las puertas de la Peluquer\u00eda Michel y Yurena sigan llenando de felicidad a nuestros ciudadanos con su labor\u201d,<\/strong> subray\u00f3 Pe\u00f1a.<\/p>\n<p align=\"justify\">Entre sus servicios ofrecen tintes, mechas, reflejos, peinados, lavados, cortes, recogidos, balayage, permanente, extensiones, trenzas, est\u00e9tica, depilaci\u00f3n de cejas y bigote, manicura, pedicura y maquillaje. Para conocer m\u00e1s sobre su carta y horarios cuentan con el n\u00famero de WhatsApp 722 202 567.<\/p>\n<p align=\"justify\">Esta visita forma parte de la hoja de ruta del alcalde y del gobierno municipal para acercar la instituci\u00f3n a las peque\u00f1as empresas locales, para as\u00ed conocer su labor de primera mano, recoger sus demandas, as\u00ed como poner en valor e impulsar el tejido comercial del municipio.<\/p>\n","protected":false},"excerpt":{"rendered":"<p>Telde, a 30 de julio de 2026. El alcalde de Telde, Juan Antonio Pe\u00f1a, visit\u00f3 recientemente la Peluquer\u00eda Michel y Yurena, en el n\u00famero 3 de la calle Congreso, en&hellip;<\/p>\n","protected":false},"author":20,"featured_media":253,"comment_status":"open","ping_status":"open","sticky":false,"template":"","format":"standard","meta":{"wpai_generated_summary":"","wpai_meta_description":"","footnotes":""},"categories":[140],"tags":[],"class_list":["post-252","post","type-post","status-publish","format-standard","has-post-thumbnail","hentry","category-ayuntamiento-de-telde"],"_links":{"self":[{"href":"https:\/\/nublo.tv\/index.php\/wp-json\/wp\/v2\/posts\/252","targetHints":{"allow":["GET"]}}],"collection":[{"href":"https:\/\/nublo.tv\/index.php\/wp-json\/wp\/v2\/posts"}],"about":[{"href":"https:\/\/nublo.tv\/index.php\/wp-json\/wp\/v2\/types\/post"}],"author":[{"embeddable":true,"href":"https:\/\/nublo.tv\/index.php\/wp-json\/wp\/v2\/users\/20"}],"replies":[{"embeddable":true,"href":"https:\/\/nublo.tv\/index.php\/wp-json\/wp\/v2\/comments?post=252"}],"version-history":[{"count":1,"href":"https:\/\/nublo.tv\/index.php\/wp-json\/wp\/v2\/posts\/252\/revisions"}],"predecessor-version":[{"id":497,"href":"https:\/\/nublo.tv\/index.php\/wp-json\/wp\/v2\/posts\/252\/revisions\/497"}],"wp:featuredmedia":[{"embeddable":true,"href":"https:\/\/nublo.tv\/index.php\/wp-json\/wp\/v2\/media\/253"}],"wp:attachment":[{"href":"https:\/\/nublo.tv\/index.php\/wp-json\/wp\/v2\/media?parent=252"}],"wp:term":[{"taxonomy":"category","embeddable":true,"href":"https:\/\/nublo.tv\/index.php\/wp-json\/wp\/v2\/categories?post=252"},{"taxonomy":"post_tag","embeddable":true,"href":"https:\/\/nublo.tv\/index.php\/wp-json\/wp\/v2\/tags?post=252"}],"curies":[{"name":"wp","href":"https:\/\/api.w.org\/{rel}","templated":true}]}}