{"id":2523,"date":"2026-08-07T13:13:59","date_gmt":"2026-08-07T12:13:59","guid":{"rendered":"https:\/\/nublo.tv\/?p=2523"},"modified":"2026-08-07T13:13:59","modified_gmt":"2026-08-07T12:13:59","slug":"corte-de-trafico-camino-de-la-cuevita-11-08-26","status":"publish","type":"post","link":"https:\/\/nublo.tv\/index.php\/2026\/08\/07\/corte-de-trafico-camino-de-la-cuevita-11-08-26\/","title":{"rendered":"CORTE DE TR\u00c1FICO CAMINO DE LA CUEVITA \u2013 11\/08\/26"},"content":{"rendered":"<div class=\"wp-block-image\">\n<figure class=\"aligncenter size-large\"><img loading=\"lazy\" decoding=\"async\" width=\"819\" height=\"1024\" src=\"https:\/\/www.artenara.es\/portal-ciudadano\/wp-content\/uploads\/2026\/08\/CARTEL-CORTE-CARRETERA-11-08-26-819x1024.png\" alt=\"\" class=\"wp-image-16255\" \/><\/figure>\n<\/div>\n<p class=\"wp-block-paragraph\"><strong><img decoding=\"async\" src=\"https:\/\/s.w.org\/images\/core\/emoji\/17.0.2\/72x72\/1f6a7.png\" alt=\"\ud83d\udea7\" class=\"wp-smiley\" style=\"height: 1em;max-height: 1em\" \/> INFORMACI\u00d3N DE INTER\u00c9S <img decoding=\"async\" src=\"https:\/\/s.w.org\/images\/core\/emoji\/17.0.2\/72x72\/1f6a7.png\" alt=\"\ud83d\udea7\" class=\"wp-smiley\" style=\"height: 1em;max-height: 1em\" \/><\/strong><\/p>\n<p class=\"wp-block-paragraph\">CORTE DE TR\u00c1FICO CAMINO DE LA CUEVITA<\/p>\n<p class=\"wp-block-paragraph\">Se comunica el cierre temporal del Camino de La Cuevita entre el Ayuntamiento y el Aula de formaci\u00f3n por tareas de carga y descarga.<\/p>\n<p class=\"wp-block-paragraph\">El cierre se realizar\u00e1 el d\u00eda 11\/08\/26 entre las 8:00 y las 12:00 h.<\/p>\n<p class=\"wp-block-paragraph\">Disculpen las molestias<\/p>\n","protected":false},"excerpt":{"rendered":"<p>INFORMACI\u00d3N DE INTER\u00c9S CORTE DE TR\u00c1FICO CAMINO DE LA CUEVITA Se comunica el cierre temporal del Camino de La Cuevita entre el Ayuntamiento y el Aula de formaci\u00f3n por tareas&hellip;<\/p>\n","protected":false},"author":1,"featured_media":2524,"comment_status":"open","ping_status":"open","sticky":false,"template":"","format":"standard","meta":{"wpai_generated_summary":"","wpai_meta_description":"","footnotes":""},"categories":[127],"tags":[],"class_list":["post-2523","post","type-post","status-publish","format-standard","has-post-thumbnail","hentry","category-ayuntamiento-de-arucas"],"_links":{"self":[{"href":"https:\/\/nublo.tv\/index.php\/wp-json\/wp\/v2\/posts\/2523","targetHints":{"allow":["GET"]}}],"collection":[{"href":"https:\/\/nublo.tv\/index.php\/wp-json\/wp\/v2\/posts"}],"about":[{"href":"https:\/\/nublo.tv\/index.php\/wp-json\/wp\/v2\/types\/post"}],"author":[{"embeddable":true,"href":"https:\/\/nublo.tv\/index.php\/wp-json\/wp\/v2\/users\/1"}],"replies":[{"embeddable":true,"href":"https:\/\/nublo.tv\/index.php\/wp-json\/wp\/v2\/comments?post=2523"}],"version-history":[{"count":1,"href":"https:\/\/nublo.tv\/index.php\/wp-json\/wp\/v2\/posts\/2523\/revisions"}],"predecessor-version":[{"id":2540,"href":"https:\/\/nublo.tv\/index.php\/wp-json\/wp\/v2\/posts\/2523\/revisions\/2540"}],"wp:featuredmedia":[{"embeddable":true,"href":"https:\/\/nublo.tv\/index.php\/wp-json\/wp\/v2\/media\/2524"}],"wp:attachment":[{"href":"https:\/\/nublo.tv\/index.php\/wp-json\/wp\/v2\/media?parent=2523"}],"wp:term":[{"taxonomy":"category","embeddable":true,"href":"https:\/\/nublo.tv\/index.php\/wp-json\/wp\/v2\/categories?post=2523"},{"taxonomy":"post_tag","embeddable":true,"href":"https:\/\/nublo.tv\/index.php\/wp-json\/wp\/v2\/tags?post=2523"}],"curies":[{"name":"wp","href":"https:\/\/api.w.org\/{rel}","templated":true}]}}