{"id":2527,"date":"2026-08-07T13:12:27","date_gmt":"2026-08-07T12:12:27","guid":{"rendered":"https:\/\/nublo.tv\/?p=2527"},"modified":"2026-08-07T13:14:55","modified_gmt":"2026-08-07T12:14:55","slug":"el-cabildo-de-gran-canaria-vuelve-a-publicar-la-licitacion-de-la-obra-de-ampliacion-y-reforma-del-estadio-de-gran-canaria-por-235-millones-de-euros","status":"publish","type":"post","link":"https:\/\/nublo.tv\/index.php\/2026\/08\/07\/el-cabildo-de-gran-canaria-vuelve-a-publicar-la-licitacion-de-la-obra-de-ampliacion-y-reforma-del-estadio-de-gran-canaria-por-235-millones-de-euros\/","title":{"rendered":"El Cabildo de Gran Canaria vuelve a publicar la licitacio\u0301n de la obra de ampliacio\u0301n y reforma del Estadio de Gran Canaria por 235 millones de euros"},"content":{"rendered":"\r\n<p class=\"wp-block-paragraph\">El Gobierno insular cumple su compromiso de publicar la licitaci\u00f3n un mes despu\u00e9s de la apertura del proceso a empresas de todo el mundo<\/p>\r\n\r\n\r\n\r\n<p class=\"wp-block-paragraph\">La inversi\u00f3n se eleva un 34,51% -60,3 millones de euros m\u00e1s- respecto a la primera licitaci\u00f3n, como respuesta al encarecimiento de materiales como el acero, transporte y mano de obra especializada<\/p>\r\n\r\n\r\n\r\n<p class=\"wp-block-paragraph\">Las empresas interesadas tienen de plazo hasta el 11 de septiembre para presentar toda la documentaci\u00f3n<\/p>\r\n\r\n\r\n\r\n<p class=\"wp-block-paragraph\"><strong>Gran Canaria, 7 de agosto de 2026 &#8211;\u00a0<\/strong>El Cabildo de Gran Canaria, a trav\u00e9s del Instituto Insular de Deportes (IID), ha vuelto a publicar la licitaci\u00f3n de las obras de reforma integral del Estadio de Gran Canaria, apenas un mes despu\u00e9s de abrir el proceso a empresas de todo el mundo. El presupuesto asciende a 235 millones de euros, lo que supone un incremento del 34,51% -60,3 millones m\u00e1s- respecto a los 174,7 millones de la primera licitaci\u00f3n, que qued\u00f3 desierta.<\/p>\r\n\r\n\r\n\r\n<p class=\"wp-block-paragraph\">El presidente del Cabildo de Gran Canaria, Antonio Morales, se\u00f1al\u00f3 que el Gobierno de la isla prosigue con su plan para el Estadio \u00abcon rigor y determinaci\u00f3n para hacer realidad una transformaci\u00f3n que deb\u00eda producirse y que mejorar\u00e1 la econom\u00eda, las oportunidades y el espacio p\u00fablico de la isla\u201d. Asimismo, agreg\u00f3 que el proyecto naci\u00f3 y mantiene la vocaci\u00f3n \u00abde ser mucho m\u00e1s que una infraestructura deportiva, porque su proyecci\u00f3n e impacto en todos los \u00e1mbitos para la sociedad insular van mucho m\u00e1s all\u00e1 del Mundial de 2030\u00bb.<\/p>\r\n\r\n\r\n\r\n<p class=\"wp-block-paragraph\">El consejero de Deportes y m\u00e1ximo responsable del Instituto Insular de Deportes, Aridany Romero, valor\u00f3 el avance del proceso. \u00abEl proyecto de La Nube sigue adelante con m\u00e1s fuerza. Hemos dicho que licitar\u00edamos al cabo de un mes y as\u00ed ha sido. El trabajo del personal del IID y de los t\u00e9cnicos ha sido clave para conseguirlo\u00bb.<\/p>\r\n\r\n\r\n\r\n<p class=\"wp-block-paragraph\">\u00abLa &#8216;Nube&#8217; ser\u00e1 un icono arquitect\u00f3nico capaz de transformar el espacio urbano y de vertebrar un gran \u00e1mbito deportivo, cultural y de ocio. Su dise\u00f1o incorpora usos que generar\u00e1n actividad econ\u00f3mica, favorecer\u00e1n la creaci\u00f3n de empleo y reforzar\u00e1n la proyecci\u00f3n nacional e internacional de Gran Canaria y de su capital, consolidando el estadio como un motor de desarrollo para la isla\u00bb, enfatiz\u00f3 Antonio Morales.<\/p>\r\n\r\n\r\n\r\n<p class=\"wp-block-paragraph\">Para Romero, este hito refuerza la posici\u00f3n de Gran Canaria en la candidatura mundialista. \u00abNos posicionamos como una de las sedes m\u00e1s fiables y evidenciamos el gran trabajo que se est\u00e1 realizando. Queremos que el Mundial 2030 venga a Gran Canaria, y la FIFA as\u00ed lo ha reconocido en su Asamblea General de 2024\u00bb.<\/p>\r\n\r\n\r\n\r\n<p class=\"wp-block-paragraph\">El alcance de la reforma se mantiene respecto a la primera licitaci\u00f3n e incluye la construcci\u00f3n de una nueva cubierta, la ampliaci\u00f3n del aforo desde los 32.418 espectadores actuales hasta los 44.020, mejoras estructurales y renovaci\u00f3n completa de las instalaciones, mayor accesibilidad, refuerzo de la seguridad y adaptaci\u00f3n a los est\u00e1ndares exigidos por el f\u00fatbol profesional.<\/p>\r\n\r\n\r\n\r\n<p class=\"wp-block-paragraph\">El aumento de 60,3 millones de euros -un 34,51% sobre el presupuesto original- responde a la evoluci\u00f3n del mercado de la construcci\u00f3n desde que el proyecto fue entregado y visado en 2025. Desde que el proyecto, redactado por el estudio L35 Architects &#8211; estudio de arquitectura que ha realizado diferentes proyectos en el sector deportivo como el Estadio Santiago Bernab\u00e9u, Estadio Sim\u00f3n Bol\u00edvar, Estadio Nemesio Camacho \u201cEl Camp\u00edn\u201d, Estadio Mendizorrotza, Estadio M. Bin Rashid Al Maktoun, Estadio Benito Villamar\u00edn- y ganador del concurso internacional de ideas convocado por el Cabildo, fue entregado y visado en 2025, la evoluci\u00f3n del mercado internacional ha provocado un notable encarecimiento de materiales importantes, fundamentalmente del acero, y tambi\u00e9n de la mano de obra.<\/p>\r\n\r\n\r\n\r\n<p class=\"wp-block-paragraph\">\u00abLa primera licitaci\u00f3n qued\u00f3 desierta no porque el proyecto estuviera mal planteado, sino porque la realidad del mercado cambi\u00f3 de forma muy significativa. El sector de la construcci\u00f3n no puso ninguna objeci\u00f3n t\u00e9cnica; simplemente era necesario adaptar el presupuesto a la nueva realidad econ\u00f3mica para garantizar su ejecuci\u00f3n\u00bb, explic\u00f3 Romero. \u00abEsta actualizaci\u00f3n dota al proyecto de la seguridad jur\u00eddica y econ\u00f3mica necesaria para cumplir el calendario establecido por la FIFA\u00bb.<\/p>\r\n\r\n\r\n\r\n<p class=\"wp-block-paragraph\">Mientras se tramita la licitaci\u00f3n de la reforma integral, los trabajos de demolici\u00f3n de la Torre Este y el cilindro -primera fase del proceso- est\u00e1n encarando su recta final conforme al calendario previsto. \u00abNo se est\u00e1 perdiendo tiempo de obra. La primera fase est\u00e1 concluyendo y el proyecto avanza sin pausas\u00bb, subray\u00f3 Romero.<\/p>\r\n\r\n\r\n\r\n<p class=\"wp-block-paragraph\">El Cabildo de Gran Canaria reitera que la candidatura de la isla no corre ning\u00fan riesgo. Gran Canaria fue designada sede oficial del Mundial 2030 por la FIFA en su Asamblea General de diciembre de 2024, con un proyecto que cumple todos los requisitos de aforo para albergar encuentros hasta cuartos de final. La remodelaci\u00f3n cuenta con el respaldo del Pleno del Cabildo, aprobado con el apoyo de las distintas fuerzas pol\u00edticas de la corporaci\u00f3n insular, as\u00ed como con el compromiso econ\u00f3mico de la UD Las Palmas, el Gobierno de Canarias y el Ayuntamiento de Las Palmas de Gran Canaria. Se contin\u00faa trabajando para incorporar tambi\u00e9n la financiaci\u00f3n del Gobierno de Espa\u00f1a.<\/p>\r\n\r\n\r\n\r\n<p class=\"wp-block-paragraph\">Las empresas interesadas tienen hasta el 11 de septiembre para presentar sus ofertas a trav\u00e9s de la Plataforma de Contrataci\u00f3n del Estado.<\/p>\r\n\r\n\r\n\r\n<figure class=\"wp-block-image size-large\"><img loading=\"lazy\" decoding=\"async\" width=\"1024\" height=\"576\" class=\"wp-image-2532\" src=\"https:\/\/nublo.tv\/wp-content\/uploads\/2026\/08\/image-8-1024x576.png\" alt=\"\" srcset=\"https:\/\/nublo.tv\/wp-content\/uploads\/2026\/08\/image-8-1024x576.png 1024w, https:\/\/nublo.tv\/wp-content\/uploads\/2026\/08\/image-8-300x169.png 300w, https:\/\/nublo.tv\/wp-content\/uploads\/2026\/08\/image-8-768x432.png 768w, https:\/\/nublo.tv\/wp-content\/uploads\/2026\/08\/image-8-1536x864.png 1536w, https:\/\/nublo.tv\/wp-content\/uploads\/2026\/08\/image-8.png 1600w\" sizes=\"auto, (max-width: 1024px) 100vw, 1024px\" \/><\/figure>\r\n\r\n\r\n\r\n<figure class=\"wp-block-image size-large\"><img loading=\"lazy\" decoding=\"async\" width=\"1024\" height=\"576\" class=\"wp-image-2535\" src=\"https:\/\/nublo.tv\/wp-content\/uploads\/2026\/08\/image-9-1024x576.png\" alt=\"\" srcset=\"https:\/\/nublo.tv\/wp-content\/uploads\/2026\/08\/image-9-1024x576.png 1024w, https:\/\/nublo.tv\/wp-content\/uploads\/2026\/08\/image-9-300x169.png 300w, https:\/\/nublo.tv\/wp-content\/uploads\/2026\/08\/image-9-768x432.png 768w, https:\/\/nublo.tv\/wp-content\/uploads\/2026\/08\/image-9-1536x864.png 1536w, https:\/\/nublo.tv\/wp-content\/uploads\/2026\/08\/image-9.png 1600w\" sizes=\"auto, (max-width: 1024px) 100vw, 1024px\" \/><\/figure>\r\n\r\n\r\n\r\n<figure class=\"wp-block-image size-large\"><img loading=\"lazy\" decoding=\"async\" width=\"1024\" height=\"576\" class=\"wp-image-2536\" src=\"https:\/\/nublo.tv\/wp-content\/uploads\/2026\/08\/image-10-1024x576.png\" alt=\"\" srcset=\"https:\/\/nublo.tv\/wp-content\/uploads\/2026\/08\/image-10-1024x576.png 1024w, https:\/\/nublo.tv\/wp-content\/uploads\/2026\/08\/image-10-300x169.png 300w, https:\/\/nublo.tv\/wp-content\/uploads\/2026\/08\/image-10-768x432.png 768w, https:\/\/nublo.tv\/wp-content\/uploads\/2026\/08\/image-10-1536x864.png 1536w, https:\/\/nublo.tv\/wp-content\/uploads\/2026\/08\/image-10.png 1600w\" sizes=\"auto, (max-width: 1024px) 100vw, 1024px\" \/><\/figure>\r\n\r\n\r\n\r\n<figure class=\"wp-block-image size-large\"><img loading=\"lazy\" decoding=\"async\" width=\"1024\" height=\"576\" class=\"wp-image-2529\" src=\"https:\/\/nublo.tv\/wp-content\/uploads\/2026\/08\/image-7-1024x576.png\" alt=\"\" srcset=\"https:\/\/nublo.tv\/wp-content\/uploads\/2026\/08\/image-7-1024x576.png 1024w, https:\/\/nublo.tv\/wp-content\/uploads\/2026\/08\/image-7-300x169.png 300w, https:\/\/nublo.tv\/wp-content\/uploads\/2026\/08\/image-7-768x432.png 768w, https:\/\/nublo.tv\/wp-content\/uploads\/2026\/08\/image-7-1536x864.png 1536w, https:\/\/nublo.tv\/wp-content\/uploads\/2026\/08\/image-7.png 1600w\" sizes=\"auto, (max-width: 1024px) 100vw, 1024px\" \/><\/figure>\r\n","protected":false},"excerpt":{"rendered":"<p>&lt;!&#8211; \/* Font Definitions *\/ @font-face {font-family:SimSun; panose-1:2 1 6 0 3 1 1 1 1 1; mso-font-alt:&#23435;&#20307;; mso-font-charset:134; mso-generic-font-family:auto; mso-font-pitch:variable; mso-font-signature:515 680460288 22 0 262145 0;} @font-face {font-family:&quot;Cambria Math&quot;;&hellip;<\/p>\n","protected":false},"author":1,"featured_media":2528,"comment_status":"open","ping_status":"open","sticky":false,"template":"","format":"standard","meta":{"wpai_generated_summary":"","wpai_meta_description":"","footnotes":""},"categories":[148],"tags":[],"class_list":["post-2527","post","type-post","status-publish","format-standard","has-post-thumbnail","hentry","category-cabildo-de-gran-canaria"],"_links":{"self":[{"href":"https:\/\/nublo.tv\/index.php\/wp-json\/wp\/v2\/posts\/2527","targetHints":{"allow":["GET"]}}],"collection":[{"href":"https:\/\/nublo.tv\/index.php\/wp-json\/wp\/v2\/posts"}],"about":[{"href":"https:\/\/nublo.tv\/index.php\/wp-json\/wp\/v2\/types\/post"}],"author":[{"embeddable":true,"href":"https:\/\/nublo.tv\/index.php\/wp-json\/wp\/v2\/users\/1"}],"replies":[{"embeddable":true,"href":"https:\/\/nublo.tv\/index.php\/wp-json\/wp\/v2\/comments?post=2527"}],"version-history":[{"count":3,"href":"https:\/\/nublo.tv\/index.php\/wp-json\/wp\/v2\/posts\/2527\/revisions"}],"predecessor-version":[{"id":2544,"href":"https:\/\/nublo.tv\/index.php\/wp-json\/wp\/v2\/posts\/2527\/revisions\/2544"}],"wp:featuredmedia":[{"embeddable":true,"href":"https:\/\/nublo.tv\/index.php\/wp-json\/wp\/v2\/media\/2528"}],"wp:attachment":[{"href":"https:\/\/nublo.tv\/index.php\/wp-json\/wp\/v2\/media?parent=2527"}],"wp:term":[{"taxonomy":"category","embeddable":true,"href":"https:\/\/nublo.tv\/index.php\/wp-json\/wp\/v2\/categories?post=2527"},{"taxonomy":"post_tag","embeddable":true,"href":"https:\/\/nublo.tv\/index.php\/wp-json\/wp\/v2\/tags?post=2527"}],"curies":[{"name":"wp","href":"https:\/\/api.w.org\/{rel}","templated":true}]}}