{"id":2530,"date":"2026-08-07T13:13:54","date_gmt":"2026-08-07T12:13:54","guid":{"rendered":"https:\/\/nublo.tv\/?p=2530"},"modified":"2026-08-27T12:35:26","modified_gmt":"2026-08-27T11:35:26","slug":"guia-celebra-este-sabado-la-noche-joven-de-las-fiestas-de-la-virgen-con-raul-clyde-como-cabeza-de-cartel","status":"publish","type":"post","link":"https:\/\/nublo.tv\/index.php\/2026\/08\/07\/guia-celebra-este-sabado-la-noche-joven-de-las-fiestas-de-la-virgen-con-raul-clyde-como-cabeza-de-cartel\/","title":{"rendered":"Gu\u00eda celebra este s\u00e1bado la \u2018Noche Joven\u2019 de las Fiestas de La Virgen con Ra\u00fal Clyde como cabeza de cartel"},"content":{"rendered":"<ul>\n<li><strong>La Plaza Grande acoger\u00e1 desde las 22:00 horas un gran espect\u00e1culo de m\u00fasica urbana que reunir\u00e1 a Christian Cuervo, Evando Moreira, DJ Zegar y Supersonikka<\/strong><\/li>\n<\/ul>\n<p><strong>Gu\u00eda, 7 de agosto de 2026.-<\/strong> La Plaza Grande de Gu\u00eda se prepara para acoger este s\u00e1bado 8 de agosto una de las citas m\u00e1s esperadas del programa festivo de La Virgen 2026 con la celebraci\u00f3n de la <em>Noche Joven,<\/em> a partir de las 22:00 horas hasta las 3 de la madrugada, un gran espect\u00e1culo para amantes de la m\u00fasica urbana que tendr\u00e1 como cabeza de cartel a Ra\u00fal Clyde.<\/p>\n<p>El valenciano Ra\u00fal P\u00e9rez Marqu\u00e9s, conocido art\u00edsticamente como Ra\u00fal Clyde, es una de las grandes promesas del reguet\u00f3n en Espa\u00f1a, impulsado por \u00e9xitos virales como Tuenti y su participaci\u00f3n en colaboraciones junto a referentes nacionales como Saiko adem\u00e1s de contar con trabajos muy bien recibidos como 5 Noches en el Mediterr\u00e1neo, consolidando un estilo \u00fanico que conecta fuertemente con las nuevas generaciones.<\/p>\n<p>El cartel de la noche se completa con un elenco de talentos excepcionales que garantizan ritmo y diversi\u00f3n durante toda la velada como Christian Cuervo, una de las voces m\u00e1s vers\u00e1tiles y prometedoras del nuevo reguet\u00f3n espa\u00f1ol cuya identidad sonora destaca por un equilibrio entre lo mel\u00f3dico, lo sensual y lo callejero respaldado por colaboraciones de primer nivel.<\/p>\n<p>Al escenario de la Plaza Grande de Gu\u00eda subir\u00e1 ma\u00f1ana s\u00e1bado, tambi\u00e9n, Supersonikka, la DJ, vocalista y creadora de eventos grancanaria \u00a0Julia N\u00fa\u00f1ez, \u00a0fundadora del festival Caotikka quien aporta una propuesta fresca que fusiona energ\u00eda y ritmos envolventes para completar una noche inolvidable en Gu\u00eda.<\/p>\n<p>El ritmo y buen ambiente de la <em>Noche Joven<\/em> estar\u00e1n asegurados, adem\u00e1s, \u00a0con la presencia de Evando Moreira uno de los DJs m\u00e1s destacados de Canarias con casi diez a\u00f1os de trayectoria clave en la m\u00fasica urbana del archipi\u00e9lago y director musical de referencia, sum\u00e1ndose a esta velada festiva tambi\u00e9n el talento emergente de DJ Zegar, habitual en festivales y salas de fiesta de toda Espa\u00f1a.<\/p>\n","protected":false},"excerpt":{"rendered":"<p>La Plaza Grande acoger\u00e1 desde las 22:00 horas un gran espect\u00e1culo de m\u00fasica urbana que reunir\u00e1 a Christian Cuervo, Evando Moreira, DJ Zegar y Supersonikka Gu\u00eda, 7 de agosto de&hellip;<\/p>\n","protected":false},"author":1,"featured_media":2531,"comment_status":"open","ping_status":"open","sticky":false,"template":"","format":"standard","meta":{"wpai_generated_summary":"","wpai_meta_description":"","footnotes":""},"categories":[138],"tags":[],"class_list":["post-2530","post","type-post","status-publish","format-standard","has-post-thumbnail","hentry","category-ayuntamiento-de-santa-maria-de-guia"],"_links":{"self":[{"href":"https:\/\/nublo.tv\/index.php\/wp-json\/wp\/v2\/posts\/2530","targetHints":{"allow":["GET"]}}],"collection":[{"href":"https:\/\/nublo.tv\/index.php\/wp-json\/wp\/v2\/posts"}],"about":[{"href":"https:\/\/nublo.tv\/index.php\/wp-json\/wp\/v2\/types\/post"}],"author":[{"embeddable":true,"href":"https:\/\/nublo.tv\/index.php\/wp-json\/wp\/v2\/users\/1"}],"replies":[{"embeddable":true,"href":"https:\/\/nublo.tv\/index.php\/wp-json\/wp\/v2\/comments?post=2530"}],"version-history":[{"count":1,"href":"https:\/\/nublo.tv\/index.php\/wp-json\/wp\/v2\/posts\/2530\/revisions"}],"predecessor-version":[{"id":2539,"href":"https:\/\/nublo.tv\/index.php\/wp-json\/wp\/v2\/posts\/2530\/revisions\/2539"}],"wp:featuredmedia":[{"embeddable":true,"href":"https:\/\/nublo.tv\/index.php\/wp-json\/wp\/v2\/media\/2531"}],"wp:attachment":[{"href":"https:\/\/nublo.tv\/index.php\/wp-json\/wp\/v2\/media?parent=2530"}],"wp:term":[{"taxonomy":"category","embeddable":true,"href":"https:\/\/nublo.tv\/index.php\/wp-json\/wp\/v2\/categories?post=2530"},{"taxonomy":"post_tag","embeddable":true,"href":"https:\/\/nublo.tv\/index.php\/wp-json\/wp\/v2\/tags?post=2530"}],"curies":[{"name":"wp","href":"https:\/\/api.w.org\/{rel}","templated":true}]}}