{"id":2548,"date":"2026-08-07T13:58:18","date_gmt":"2026-08-07T12:58:18","guid":{"rendered":"https:\/\/nublo.tv\/?p=2548"},"modified":"2026-08-27T12:35:26","modified_gmt":"2026-08-27T11:35:26","slug":"galdar-inaugura-el-benesmer-con-la-guancha-como-protagonista-de-la-ancestral-fiesta-de-la-cosecha","status":"publish","type":"post","link":"https:\/\/nublo.tv\/index.php\/2026\/08\/07\/galdar-inaugura-el-benesmer-con-la-guancha-como-protagonista-de-la-ancestral-fiesta-de-la-cosecha\/","title":{"rendered":"G\u00e1ldar inaugura el Be\u00f1esmer con La Guancha como protagonista de la ancestral \u2018Fiesta de la Cosecha\u2019"},"content":{"rendered":"<p>\u2013 El Centro de Interpretaci\u00f3n La Guancha acogi\u00f3 el acto de apertura de la cuarta edici\u00f3n del festival, que arranc\u00f3 con la charla de Rum\u00e9n Sosa y la m\u00fasica de Generaci\u00f3n del 21.<\/p>\n<p>El Centro de Interpretaci\u00f3n La Guancha acogi\u00f3 este jueves, 6 de agosto, el acto de inauguraci\u00f3n del Festival Be\u00f1esmer 2026, marcando el inicio oficial de tres jornadas dedicadas a la ancestral \u2018Fiesta de la Cosecha\u2019 canaria. El evento, que celebra su cuarta edici\u00f3n y es organizado por segunda vez directamente por el Ayuntamiento de G\u00e1ldar a trav\u00e9s de la Concejal\u00eda de Identidad que dirige Carlos Ruiz Moreno, confirma la madurez de una iniciativa que ha consolidado ya un claro alcance interinsular.<\/p>\n<p>Durante la apertura, el edil puso en valor el recorrido de un proyecto que ha demostrado, edici\u00f3n tras edici\u00f3n, \u201cla necesidad de nuestro pueblo de seguir avanzando en la difusi\u00f3n de su legado\u201d. Un crecimiento que le ha permitido afianzarse en la agenda cultural del municipio, en sinton\u00eda con los objetivos estrat\u00e9gicos del Consistorio.<\/p>\n<p>El acto de apertura cont\u00f3 con la charla introductoria del reconocido investigador Rum\u00e9n Sosa, bajo el t\u00edtulo \u2018\u00bfQu\u00e9 es el Be\u00f1esmer?\u2019, que sirvi\u00f3 para contextualizar el significado de la festividad. El broche de oro a la velada lo puso la agrupaci\u00f3n Generaci\u00f3n del 21, j\u00f3venes canarias comprometidas con el arte y la cultura que llenaron el espacio de energ\u00eda y m\u00fasica en vivo.<\/p>\n<p>Rum\u00e9n Sosa: \u00abUn ejercicio de memoria hist\u00f3rica\u00bb<\/p>\n<p>En su intervenci\u00f3n, el investigador Rum\u00e9n Sosa puso el foco en el valor identitario de la cita. \u201cEs una fecha clave, no solamente para los ind\u00edgenas canarios, sino tambi\u00e9n puede serlo para los canarios de hoy porque es un ejercicio de memoria hist\u00f3rica para no olvidar que somos un pueblo con unas ra\u00edces muy profundas y que siempre conviene recordarlo puesto que ante los vientos del presente y del futuro, no podemos perder nuestra identidad\u201d, expres\u00f3 el investigador, subrayando la vigencia del legado aborigen en la sociedad actual.<br \/>\nDe esta manera inici\u00f3 la primera jornada del programa del Festival Be\u00f1esmer, una propuesta que combina cultura, reflexi\u00f3n, tradici\u00f3n y divulgaci\u00f3n. Este 2026 el evento ha dado un salto cualitativo al integrar el Centro de Interpretaci\u00f3n La Guancha en el circuito del festival.<\/p>\n<p>Un espacio para el futuro: el \u2018Be\u00f1esmer Chinijo\u2019<\/p>\n<p>La gran novedad de esta edici\u00f3n es precisamente la incorporaci\u00f3n del Centro de Interpretaci\u00f3n La Guancha, que adem\u00e1s de albergar el acto inaugural, se convierte en la sede del \u2018Be\u00f1esmer Chinijo\u2019. Esta iniciativa est\u00e1 creada para acercar el legado aborigen a los m\u00e1s peque\u00f1os a trav\u00e9s de talleres, cuentacuentos y actividades l\u00fadicas, consolidando la transmisi\u00f3n generacional como uno de los pilares del festival.<\/p>\n<p>La jornada del viernes 7 de agosto servir\u00e1 de puente entre la reflexi\u00f3n y la divulgaci\u00f3n, arrancando a las 19:00 horas con la proyecci\u00f3n del cortometraje \u2018Pervivencia\u2019 y continuando con el podcast \u2018Solo Palique de Be\u00f1esmer\u2019, donde el humor y la investigaci\u00f3n se dar\u00e1n la mano, antes de cerrar la noche con una visita astron\u00f3mica al Centro de Interpretaci\u00f3n La Guancha. Esta diversidad de miradas es solo una muestra de la riqueza del festival. Arqueolog\u00eda, cine, feria de artesan\u00eda, Tagoror, juegos tradicionales y m\u00fasica en vivo conforman un programa que reivindica la identidad, la cultura y la memoria colectiva del Archipi\u00e9lago, tejiendo un relato vivo que conecta el pasado aborigen con la ciudadan\u00eda del presente.<\/p>\n<p>Durante los d\u00edas 7 y 8 de agosto, la Plaza Mr. Leacock, la playa de Bocabarranco y el propio Centro La Guancha ser\u00e1n escenario de una agenda diversa que incluye el Encuentro de Juego del Palo Canario (BIC) con representantes de cinco islas, la Feria de Artesan\u00eda, el Tagoror de reflexi\u00f3n sobre el colonialismo, talleres de escritura amazigh, poes\u00eda, silbo canario, humor y el concierto de cierre de Raquel Molina.<\/p>\n","protected":false},"excerpt":{"rendered":"<p>\u2013 El Centro de Interpretaci\u00f3n La Guancha acogi\u00f3 el acto de apertura de la cuarta edici\u00f3n del festival, que arranc\u00f3 con la charla de Rum\u00e9n Sosa y la m\u00fasica de&hellip;<\/p>\n","protected":false},"author":1,"featured_media":2549,"comment_status":"open","ping_status":"open","sticky":false,"template":"","format":"standard","meta":{"wpai_generated_summary":"","wpai_meta_description":"","footnotes":""},"categories":[129],"tags":[],"class_list":["post-2548","post","type-post","status-publish","format-standard","has-post-thumbnail","hentry","category-ayuntamiento-de-galdar"],"_links":{"self":[{"href":"https:\/\/nublo.tv\/index.php\/wp-json\/wp\/v2\/posts\/2548","targetHints":{"allow":["GET"]}}],"collection":[{"href":"https:\/\/nublo.tv\/index.php\/wp-json\/wp\/v2\/posts"}],"about":[{"href":"https:\/\/nublo.tv\/index.php\/wp-json\/wp\/v2\/types\/post"}],"author":[{"embeddable":true,"href":"https:\/\/nublo.tv\/index.php\/wp-json\/wp\/v2\/users\/1"}],"replies":[{"embeddable":true,"href":"https:\/\/nublo.tv\/index.php\/wp-json\/wp\/v2\/comments?post=2548"}],"version-history":[{"count":1,"href":"https:\/\/nublo.tv\/index.php\/wp-json\/wp\/v2\/posts\/2548\/revisions"}],"predecessor-version":[{"id":2559,"href":"https:\/\/nublo.tv\/index.php\/wp-json\/wp\/v2\/posts\/2548\/revisions\/2559"}],"wp:featuredmedia":[{"embeddable":true,"href":"https:\/\/nublo.tv\/index.php\/wp-json\/wp\/v2\/media\/2549"}],"wp:attachment":[{"href":"https:\/\/nublo.tv\/index.php\/wp-json\/wp\/v2\/media?parent=2548"}],"wp:term":[{"taxonomy":"category","embeddable":true,"href":"https:\/\/nublo.tv\/index.php\/wp-json\/wp\/v2\/categories?post=2548"},{"taxonomy":"post_tag","embeddable":true,"href":"https:\/\/nublo.tv\/index.php\/wp-json\/wp\/v2\/tags?post=2548"}],"curies":[{"name":"wp","href":"https:\/\/api.w.org\/{rel}","templated":true}]}}