{"id":2550,"date":"2026-08-07T13:58:23","date_gmt":"2026-08-07T12:58:23","guid":{"rendered":"https:\/\/nublo.tv\/?p=2550"},"modified":"2026-08-27T12:35:26","modified_gmt":"2026-08-27T11:35:26","slug":"st-pedro-y-siroko-amenizan-este-sabado-el-sueno-de-una-noche-de-verano-en-el-tablero","status":"publish","type":"post","link":"https:\/\/nublo.tv\/index.php\/2026\/08\/07\/st-pedro-y-siroko-amenizan-este-sabado-el-sueno-de-una-noche-de-verano-en-el-tablero\/","title":{"rendered":"St. Pedro y Siroko amenizan este s\u00e1bado El sue\u00f1o de una noche de verano en El Tablero"},"content":{"rendered":"<p>El evento gratuito de ocio y m\u00fasica en directo que organiza la Concejal\u00eda de Cultura en la Plaza de la Iglesia contar\u00e1 con clases de bailes latinos, oferta gastron\u00f3mica y un bingo de sorpresas para las coreograf\u00edas colectivas.<\/p>\n<p>La Plaza de la Iglesia de El Tablero acoger\u00e1 este s\u00e1bado 8 de agosto, a partir de las 21:00 horas, la celebraci\u00f3n de la sexta edici\u00f3n de \u2018El sue\u00f1o de una noche de verano\u2019, un evento l\u00fadico de cinco horas de ocio y m\u00fasica en directo al aire libre promovido y organizado por la Concejal\u00eda de Cultura del Ayuntamiento de San Bartolom\u00e9 de Tirajana.<\/p>\n<p>La velada ser\u00e1 amenizada musicalmente por el cantante y compositor tinerfe\u00f1o St. Pedro, autor del \u00e1lbum \u2018Esta vida que eleg\u00ed\u2019, y por Siroko, la banda rockera majorera conocida popularmente por versionar con fuerza y viveza en sus directos temas famosos de los a\u00f1os 70, 80 y 90.<\/p>\n<p>Como en ediciones anteriores, durante la celebraci\u00f3n del evento los asistentes podr\u00e1n disfrutar de una zona de foodtrucks con distintas ofertas gastron\u00f3micas, y participar en los talleres populares de baile de ritmos latinos que se montar\u00e1n con clases de salsa, bachata, merengue y cumbia. Adem\u00e1s, durante la noche se organizar\u00e1 un divertido bingo con sorpresas musicales para implicar a los participantes en coreograf\u00edas colectivas, y se cerrar\u00e1 la movida con una sesi\u00f3n disco a cargo de El Cholo Dj.<\/p>\n<p>Evento referente<\/p>\n<p>El Sue\u00f1o de una noche de verano, que sus \u00faltimas tres ediciones ha congregado anualmente a cerca de 2.600 participantes, se ha convertido en un evento de ocio de enorme atractivo para el municipio de San Bartolom\u00e9 de Tirajana. Su puesta en marcha en 2016 fue una iniciativa que la concejala Elena \u00c1lamo Vega desarroll\u00f3 como actividad sociocultural de amplio espectro comunitario involucrando a los colectivos y entidades c\u00edvicas de El Tablero, con el objetivo de instituir un evento de dinamizaci\u00f3n cultural y empresarial que se convirtiera en referente de ocio veraniego para la juventud y las familias del pueblo y de todo el municipio.<\/p>\n<p>En ediciones precedentes, esta velada de ocio y m\u00fasica en directo al aire libre ha contado con las actuaciones de la cubana Lucrecia y de bandas canarias conocidas y emergentes como El \u00faltimo que cierre, Playacoco, Ochentour, Los 600 o Los Lola, entre otras.<\/p>\n","protected":false},"excerpt":{"rendered":"<p>Sitio Web del Ilustre Ayuntamiento de San Bartolom\u00e9 Tirajana<\/p>\n","protected":false},"author":1,"featured_media":0,"comment_status":"open","ping_status":"open","sticky":false,"template":"","format":"standard","meta":{"wpai_generated_summary":"","wpai_meta_description":"","footnotes":""},"categories":[135],"tags":[],"class_list":["post-2550","post","type-post","status-publish","format-standard","hentry","category-ayuntamiento-de-san-bartolome-de-tirajana"],"_links":{"self":[{"href":"https:\/\/nublo.tv\/index.php\/wp-json\/wp\/v2\/posts\/2550","targetHints":{"allow":["GET"]}}],"collection":[{"href":"https:\/\/nublo.tv\/index.php\/wp-json\/wp\/v2\/posts"}],"about":[{"href":"https:\/\/nublo.tv\/index.php\/wp-json\/wp\/v2\/types\/post"}],"author":[{"embeddable":true,"href":"https:\/\/nublo.tv\/index.php\/wp-json\/wp\/v2\/users\/1"}],"replies":[{"embeddable":true,"href":"https:\/\/nublo.tv\/index.php\/wp-json\/wp\/v2\/comments?post=2550"}],"version-history":[{"count":2,"href":"https:\/\/nublo.tv\/index.php\/wp-json\/wp\/v2\/posts\/2550\/revisions"}],"predecessor-version":[{"id":2565,"href":"https:\/\/nublo.tv\/index.php\/wp-json\/wp\/v2\/posts\/2550\/revisions\/2565"}],"wp:attachment":[{"href":"https:\/\/nublo.tv\/index.php\/wp-json\/wp\/v2\/media?parent=2550"}],"wp:term":[{"taxonomy":"category","embeddable":true,"href":"https:\/\/nublo.tv\/index.php\/wp-json\/wp\/v2\/categories?post=2550"},{"taxonomy":"post_tag","embeddable":true,"href":"https:\/\/nublo.tv\/index.php\/wp-json\/wp\/v2\/tags?post=2550"}],"curies":[{"name":"wp","href":"https:\/\/api.w.org\/{rel}","templated":true}]}}