{"id":256,"date":"2026-08-04T17:35:23","date_gmt":"2026-08-04T16:35:23","guid":{"rendered":"https:\/\/nublo.tv\/?p=256"},"modified":"2026-08-04T17:35:23","modified_gmt":"2026-08-04T16:35:23","slug":"el-grupo-anzar-lleva-el-nombre-de-telde-a-portugal-y-triunfa-por-segundo-ano-consecutivo-en-un-festival-internacional-de-folclore","status":"publish","type":"post","link":"https:\/\/nublo.tv\/index.php\/2026\/08\/04\/el-grupo-anzar-lleva-el-nombre-de-telde-a-portugal-y-triunfa-por-segundo-ano-consecutivo-en-un-festival-internacional-de-folclore\/","title":{"rendered":"El grupo Anzar lleva el nombre de Telde a Portugal y triunfa por segundo a\u00f1o consecutivo en un festival internacional de folclore"},"content":{"rendered":"<p align=\"justify\"><strong>Telde, a 30 de julio de 2026.<\/strong> La Asociaci\u00f3n Cultural Folkl\u00f3rica Anzar, una de las formaciones m\u00e1s representativas del folclore tradicional del municipio de Telde, ha vuelto a dejar huella fuera de nuestras fronteras al participar, por segundo a\u00f1o consecutivo, en un importante encuentro internacional celebrado en Portugal, consolidando as\u00ed su proyecci\u00f3n exterior y su papel como embajadora de la cultura popular canaria.<\/p>\n<p align=\"justify\">En esta ocasi\u00f3n, la agrupaci\u00f3n teldense fue invitada por el Rancho T\u00edpico de Pombal, hist\u00f3rico colectivo dedicado a la conservaci\u00f3n, investigaci\u00f3n y difusi\u00f3n del patrimonio etnogr\u00e1fico del municipio portugu\u00e9s de Pombal, para participar en el tradicional Festival de Folclore celebrado el pasado 26 de julio, dentro del programa de las Fiestas do Bodo, una de las celebraciones populares m\u00e1s importantes de la regi\u00f3n de Alta Extremadura portuguesa.<\/p>\n<p align=\"justify\">La expedici\u00f3n de Anzar represent\u00f3 a Espa\u00f1a, Gran Canaria y, especialmente, a la ciudad de Telde, llevando hasta tierras portuguesas la m\u00fasica, los bailes, la vestimenta tradicional y las costumbres populares del Archipi\u00e9lago en un evento que reuni\u00f3 a agrupaciones de diferentes territorios y que tuvo como objetivo fomentar el intercambio cultural entre pueblos a trav\u00e9s de sus tradiciones.<\/p>\n<p align=\"justify\">Durante su estancia, los integrantes del grupo fueron recibidos oficialmente por el Ayuntamiento de Pombal, donde representantes municipales trasladaron su agradecimiento por la participaci\u00f3n de la formaci\u00f3n canaria y destacaron la importancia de fortalecer los v\u00ednculos culturales entre ambos municipios. La visita institucional sirvi\u00f3 adem\u00e1s para intercambiar obsequios representativos y estrechar lazos de colaboraci\u00f3n de cara a futuras iniciativas culturales.<\/p>\n<p align=\"justify\">La Asociaci\u00f3n Cultural Folkl\u00f3rica Anzar desarrolla desde hace a\u00f1os una intensa labor de conservaci\u00f3n y divulgaci\u00f3n del patrimonio etnogr\u00e1fico de Canarias, recuperando bailes, m\u00fasica, vestimenta e instrumentos tradicionales y transmitiendo este legado a las nuevas generaciones mediante actuaciones, festivales e intercambios culturales tanto dentro como fuera de las Islas.<\/p>\n<p align=\"justify\">El concejal de Cultura del Ayuntamiento de Telde, Juan Martel, felicita p\u00fablicamente a la agrupaci\u00f3n por este nuevo \u00e9xito internacional. <strong>\u201cAnzar vuelve a demostrar que nuestro folclore es un extraordinario embajador de Telde. Cada actuaci\u00f3n fuera de Canarias supone una oportunidad para mostrar qui\u00e9nes somos, de d\u00f3nde venimos y el enorme patrimonio cultural que posee nuestra ciudad. Su trabajo merece el reconocimiento de todos\u201d,<\/strong> destaca el edil.<\/p>\n<p align=\"justify\">En la misma l\u00ednea se expres\u00f3 el alcalde de Telde, Juan Antonio Pe\u00f1a, quien puso en valor el papel que desempe\u00f1an las entidades culturales del municipio como representantes culturales. <strong>\u201cCuando una agrupaci\u00f3n como Anzar act\u00faa fuera de Espa\u00f1a no solo interpreta m\u00fasica o bailes tradicionales; lleva consigo la historia, la identidad y el sentimiento de todo un pueblo. Son aut\u00e9nticos embajadores de Telde y un orgullo para nuestra ciudad. Felicito a cada uno de sus componentes por seguir haciendo que el nombre de Telde traspase fronteras y por mantener vivo un patrimonio que nos une como sociedad\u201d,<\/strong> concluye el regidor local.<\/p>\n","protected":false},"excerpt":{"rendered":"<p>Telde, a 30 de julio de 2026. La Asociaci\u00f3n Cultural Folkl\u00f3rica Anzar, una de las formaciones m\u00e1s representativas del folclore tradicional del municipio de Telde, ha vuelto a dejar huella&hellip;<\/p>\n","protected":false},"author":20,"featured_media":258,"comment_status":"open","ping_status":"open","sticky":false,"template":"","format":"standard","meta":{"wpai_generated_summary":"","wpai_meta_description":"","footnotes":""},"categories":[140],"tags":[],"class_list":["post-256","post","type-post","status-publish","format-standard","has-post-thumbnail","hentry","category-ayuntamiento-de-telde"],"_links":{"self":[{"href":"https:\/\/nublo.tv\/index.php\/wp-json\/wp\/v2\/posts\/256","targetHints":{"allow":["GET"]}}],"collection":[{"href":"https:\/\/nublo.tv\/index.php\/wp-json\/wp\/v2\/posts"}],"about":[{"href":"https:\/\/nublo.tv\/index.php\/wp-json\/wp\/v2\/types\/post"}],"author":[{"embeddable":true,"href":"https:\/\/nublo.tv\/index.php\/wp-json\/wp\/v2\/users\/20"}],"replies":[{"embeddable":true,"href":"https:\/\/nublo.tv\/index.php\/wp-json\/wp\/v2\/comments?post=256"}],"version-history":[{"count":1,"href":"https:\/\/nublo.tv\/index.php\/wp-json\/wp\/v2\/posts\/256\/revisions"}],"predecessor-version":[{"id":503,"href":"https:\/\/nublo.tv\/index.php\/wp-json\/wp\/v2\/posts\/256\/revisions\/503"}],"wp:featuredmedia":[{"embeddable":true,"href":"https:\/\/nublo.tv\/index.php\/wp-json\/wp\/v2\/media\/258"}],"wp:attachment":[{"href":"https:\/\/nublo.tv\/index.php\/wp-json\/wp\/v2\/media?parent=256"}],"wp:term":[{"taxonomy":"category","embeddable":true,"href":"https:\/\/nublo.tv\/index.php\/wp-json\/wp\/v2\/categories?post=256"},{"taxonomy":"post_tag","embeddable":true,"href":"https:\/\/nublo.tv\/index.php\/wp-json\/wp\/v2\/tags?post=256"}],"curies":[{"name":"wp","href":"https:\/\/api.w.org\/{rel}","templated":true}]}}