{"id":2569,"date":"2026-08-07T14:47:47","date_gmt":"2026-08-07T13:47:47","guid":{"rendered":"https:\/\/nublo.tv\/?p=2569"},"modified":"2026-08-27T12:35:26","modified_gmt":"2026-08-27T11:35:26","slug":"la-casa-de-la-cultura-acoge-una-exposicion-dedicada-a-los-papaguevos-de-guia-dentro-de-las-fiestas-de-la-virgen-2026","status":"publish","type":"post","link":"https:\/\/nublo.tv\/index.php\/2026\/08\/07\/la-casa-de-la-cultura-acoge-una-exposicion-dedicada-a-los-papaguevos-de-guia-dentro-de-las-fiestas-de-la-virgen-2026\/","title":{"rendered":"La Casa de la Cultura acoge una exposici\u00f3n dedicada a los Papag\u00fcevos de Gu\u00eda dentro de las Fiestas de La Virgen 2026"},"content":{"rendered":"<p>\u25cf <strong>La muestra permitir\u00e1 contemplar de cerca estas emblem\u00e1ticas figuras y recorrer, a trav\u00e9s de una selecci\u00f3n fotogr\u00e1fica, diferentes momentos de una de las tradiciones m\u00e1s queridas del municipio<\/strong><br \/>\nLa Casa de la Cultura acoge este s\u00e1bado 8 de agosto, a las 19:00 horas, la inauguraci\u00f3n de una exposici\u00f3n dedicada a los Papag\u00fcevos de Gu\u00eda, una muestra que permitir\u00e1 acercarse de una forma diferente a una de las manifestaciones festivas m\u00e1s reconocibles y entra\u00f1ables del municipio. La exposici\u00f3n brindar\u00e1 a vecinos, visitantes y amantes de las tradiciones populares la oportunidad de contemplar de cerca la majestuosidad de los Papag\u00fcevos de este municipio, apreciando detalles de sus dimensiones, expresiones, vestimentas y caracter\u00edsticas que, durante sus habituales recorridos por las calles, resultan m\u00e1s dif\u00edciles de observar.<br \/>\nJunto a las propias figuras, la muestra contar\u00e1 con una selecci\u00f3n de fotograf\u00edas que permitir\u00e1 realizar un recorrido visual por la historia de esta bonita tradici\u00f3n, recuperando im\u00e1genes y momentos que reflejan la presencia de los Papag\u00fcevos en distintas \u00e9pocas y su estrecha vinculaci\u00f3n con las celebraciones populares de Gu\u00eda.<br \/>\nLa propuesta pretende poner en valor no s\u00f3lo las figuras en s\u00ed mismas sino tambi\u00e9n la memoria colectiva que existe en torno a ellas. Generaciones de guienses han crecido acompa\u00f1ando sus bailes y apariciones durante las fiestas, convirti\u00e9ndolos en un elemento inseparable del patrimonio festivo y sentimental del municipio.<br \/>\nEsta exposici\u00f3n se enmarca dentro de la programaci\u00f3n cultural que se desarrolla con motivo de las Fiestas de La Virgen, organizada por la Concejal\u00eda de Cultura y la Fundaci\u00f3n Canaria N\u00e9stor \u00c1lamo, una oportunidad excepcional para reencontrarse con los Papag\u00fcevos desde la memoria, la cultura y la tradici\u00f3n, y para acercar a las nuevas generaciones uno de los elementos m\u00e1s singulares y querido<\/p>\n","protected":false},"excerpt":{"rendered":"<p>\u25cf La muestra permitir\u00e1 contemplar de cerca estas emblem\u00e1ticas figuras y recorrer, a trav\u00e9s de una selecci\u00f3n fotogr\u00e1fica, diferentes momentos de una de las tradiciones m\u00e1s queridas del municipio La&hellip;<\/p>\n","protected":false},"author":1,"featured_media":2570,"comment_status":"open","ping_status":"open","sticky":false,"template":"","format":"standard","meta":{"wpai_generated_summary":"","wpai_meta_description":"","footnotes":""},"categories":[138],"tags":[],"class_list":["post-2569","post","type-post","status-publish","format-standard","has-post-thumbnail","hentry","category-ayuntamiento-de-santa-maria-de-guia"],"_links":{"self":[{"href":"https:\/\/nublo.tv\/index.php\/wp-json\/wp\/v2\/posts\/2569","targetHints":{"allow":["GET"]}}],"collection":[{"href":"https:\/\/nublo.tv\/index.php\/wp-json\/wp\/v2\/posts"}],"about":[{"href":"https:\/\/nublo.tv\/index.php\/wp-json\/wp\/v2\/types\/post"}],"author":[{"embeddable":true,"href":"https:\/\/nublo.tv\/index.php\/wp-json\/wp\/v2\/users\/1"}],"replies":[{"embeddable":true,"href":"https:\/\/nublo.tv\/index.php\/wp-json\/wp\/v2\/comments?post=2569"}],"version-history":[{"count":1,"href":"https:\/\/nublo.tv\/index.php\/wp-json\/wp\/v2\/posts\/2569\/revisions"}],"predecessor-version":[{"id":2601,"href":"https:\/\/nublo.tv\/index.php\/wp-json\/wp\/v2\/posts\/2569\/revisions\/2601"}],"wp:featuredmedia":[{"embeddable":true,"href":"https:\/\/nublo.tv\/index.php\/wp-json\/wp\/v2\/media\/2570"}],"wp:attachment":[{"href":"https:\/\/nublo.tv\/index.php\/wp-json\/wp\/v2\/media?parent=2569"}],"wp:term":[{"taxonomy":"category","embeddable":true,"href":"https:\/\/nublo.tv\/index.php\/wp-json\/wp\/v2\/categories?post=2569"},{"taxonomy":"post_tag","embeddable":true,"href":"https:\/\/nublo.tv\/index.php\/wp-json\/wp\/v2\/tags?post=2569"}],"curies":[{"name":"wp","href":"https:\/\/api.w.org\/{rel}","templated":true}]}}