{"id":2571,"date":"2026-08-07T14:47:28","date_gmt":"2026-08-07T13:47:28","guid":{"rendered":"https:\/\/nublo.tv\/?p=2571"},"modified":"2026-08-27T12:35:26","modified_gmt":"2026-08-27T11:35:26","slug":"historias-que-dan-vida-a-ingenio-y-el-carrizal-protagonizan-una-nueva-edicion-de-aqui-nuestra-gente","status":"publish","type":"post","link":"https:\/\/nublo.tv\/index.php\/2026\/08\/07\/historias-que-dan-vida-a-ingenio-y-el-carrizal-protagonizan-una-nueva-edicion-de-aqui-nuestra-gente\/","title":{"rendered":"Historias que dan vida a Ingenio y El Carrizal protagonizan una nueva edici\u00f3n de \u00abAqu\u00ed nuestra gente\u00bb"},"content":{"rendered":"<p>El programa \u00abAqu\u00ed nuestra gente\u00bb vuelve este domingo, 9 de agosto, a poner en valor a quienes, con su dedicaci\u00f3n y compromiso, contribuyen a hacer de la Villa de Ingenio un municipio con identidad propia. En el marco de las Fiestas de Nuestra Se\u00f1ora del Buen Suceso, San Roque y San Harag\u00e1n, la iniciativa llegar\u00e1 a El Carrizal a las 20:00 horas, bajo la carpa instalada en el Parque del Buen Suceso, para que el p\u00fablico pueda disfrutar de un recorrido audiovisual que rescata recuerdos, experiencias y testimonios de vecinas y vecinos que, desde distintos \u00e1mbitos, han dejado una huella en la vida del municipio.<\/p>\n<p>\u00abAqu\u00ed nuestra gente\u00bb se presenta como un viaje por la historia reciente de Ingenio y El Carrizal a trav\u00e9s de quienes, con su trabajo, su vocaci\u00f3n y su entrega, han contribuido a poner en valor la cultura, las tradiciones y el patrimonio humano del municipio, demostrando, una vez m\u00e1s, que son las personas quienes hacen grande un pueblo y mantienen vivo su legado generaci\u00f3n tras generaci\u00f3n.<\/p>\n<p>En esta edici\u00f3n, las y los protagonistas ser\u00e1n Siso Olivares Ram\u00edrez, ejemplo de compromiso con el voluntariado, el altruismo y la fe; Isabel S\u00e1nchez Cabrera, presidenta de la AFC Guayadeque y referente en la conservaci\u00f3n y difusi\u00f3n del folclore y las tradiciones, al igual que Isabel Hern\u00e1ndez Acosta, monitora de calado de Coros y Danzas de Ingenio y presidenta la Asociaci\u00f3n de Caladoras de la Villa de Ingenio; Juan Ram\u00f3n Landeira Medina, cuya trayectoria ha estado estrechamente ligada al movimiento vecinal, asociativo y pol\u00edtico del municipio; y Alberto Viera Salgado, artista local autor de varias esculturas que forman parte del paisaje urbano de Ingenio. El documental tambi\u00e9n acercar\u00e1 al p\u00fablico la historia y vivencias de Josefa \u00abPepita\u00bb Bravo de Laguna Santana, costurera y artesana especializada en el traje tradicional canario; Paco Afonso Cabrera, figura vinculada al deporte y, especialmente, a la lucha canaria, siendo exsecretario y expresidente del CL Maninidra; Georgina \u00abGina\u00bb Morales S\u00e1nchez, una de las primeras mujeres carteras del pa\u00eds, reconocida adem\u00e1s por su constante implicaci\u00f3n en la vida cultural y social del municipio; y Marina Martel L\u00f3pez, en representaci\u00f3n del tejido comercial local, por su trayectoria profesional tras su jubilaci\u00f3n despu\u00e9s de a\u00f1os al frente de la lavander\u00eda Brisa Marina Carrizal.<\/p>\n<p>Con esta nueva entrega, \u00abAqu\u00ed nuestra gente\u00bb vuelve a convertir a las personas en el centro de las fiestas, ofreciendo un merecido reconocimiento a quienes, desde \u00e1mbitos tan diversos como la cultura, el deporte, el comercio, la artesan\u00eda, el asociacionismo o la acci\u00f3n social, han contribuido a construir la identidad del municipio.<\/p>\n","protected":false},"excerpt":{"rendered":"<p>La entrada Historias que dan vida a Ingenio y El Carrizal protagonizan una nueva edici\u00f3n de \u00abAqu\u00ed nuestra gente\u00bb se public\u00f3 primero en Ayuntamiento de Ingenio.<\/p>\n","protected":false},"author":1,"featured_media":2572,"comment_status":"open","ping_status":"open","sticky":false,"template":"","format":"standard","meta":{"wpai_generated_summary":"","wpai_meta_description":"","footnotes":""},"categories":[130],"tags":[],"class_list":["post-2571","post","type-post","status-publish","format-standard","has-post-thumbnail","hentry","category-ayuntamiento-de-ingenio"],"_links":{"self":[{"href":"https:\/\/nublo.tv\/index.php\/wp-json\/wp\/v2\/posts\/2571","targetHints":{"allow":["GET"]}}],"collection":[{"href":"https:\/\/nublo.tv\/index.php\/wp-json\/wp\/v2\/posts"}],"about":[{"href":"https:\/\/nublo.tv\/index.php\/wp-json\/wp\/v2\/types\/post"}],"author":[{"embeddable":true,"href":"https:\/\/nublo.tv\/index.php\/wp-json\/wp\/v2\/users\/1"}],"replies":[{"embeddable":true,"href":"https:\/\/nublo.tv\/index.php\/wp-json\/wp\/v2\/comments?post=2571"}],"version-history":[{"count":1,"href":"https:\/\/nublo.tv\/index.php\/wp-json\/wp\/v2\/posts\/2571\/revisions"}],"predecessor-version":[{"id":2597,"href":"https:\/\/nublo.tv\/index.php\/wp-json\/wp\/v2\/posts\/2571\/revisions\/2597"}],"wp:featuredmedia":[{"embeddable":true,"href":"https:\/\/nublo.tv\/index.php\/wp-json\/wp\/v2\/media\/2572"}],"wp:attachment":[{"href":"https:\/\/nublo.tv\/index.php\/wp-json\/wp\/v2\/media?parent=2571"}],"wp:term":[{"taxonomy":"category","embeddable":true,"href":"https:\/\/nublo.tv\/index.php\/wp-json\/wp\/v2\/categories?post=2571"},{"taxonomy":"post_tag","embeddable":true,"href":"https:\/\/nublo.tv\/index.php\/wp-json\/wp\/v2\/tags?post=2571"}],"curies":[{"name":"wp","href":"https:\/\/api.w.org\/{rel}","templated":true}]}}