{"id":2573,"date":"2026-08-07T14:47:33","date_gmt":"2026-08-07T13:47:33","guid":{"rendered":"https:\/\/nublo.tv\/?p=2573"},"modified":"2026-08-27T12:35:26","modified_gmt":"2026-08-27T11:35:26","slug":"actos-religiosos-este-domingo-en-lomo-juan","status":"publish","type":"post","link":"https:\/\/nublo.tv\/index.php\/2026\/08\/07\/actos-religiosos-este-domingo-en-lomo-juan\/","title":{"rendered":"Actos religiosos este domingo en Lomo Juan"},"content":{"rendered":"<p>El barrio ingeniense celebra este 9 de agosto a partir de las 13 horas una misa y posterior procesi\u00f3n enmarcadas en las Fiestas en honor a Nuestra Se\u00f1ora de las Nieves 2026.<\/p>\n<p>El barrio de Lomo Juan celebra las Fiestas en honor a Nuestra Se\u00f1ora de las Nieves 2026 con los actos religiosos previstos para este domingo, 9 de agosto, tras haber disfrutado el pasado d\u00eda 5 de una merienda vecinal.<\/p>\n<p>Los actos comenzar\u00e1n a las 13:00 horas con la celebraci\u00f3n de la misa en el local social, tras la cual tendr\u00e1 lugar la procesi\u00f3n por las calles del barrio. El recorrido comenzar\u00e1 en la calle Caladora, continuando por Granados, Bentayga, Gordillo y nuevamente Granados, hasta finalizar en la calle Caladora.<\/p>\n<p>Desde la organizaci\u00f3n se invita a la ciudadan\u00eda a participar en esta celebraci\u00f3n en honor a la patrona del barrio.<\/p>\n","protected":false},"excerpt":{"rendered":"<p>La entrada Actos religiosos este domingo en Lomo Juan se public\u00f3 primero en Ayuntamiento de Ingenio.<\/p>\n","protected":false},"author":1,"featured_media":2574,"comment_status":"open","ping_status":"open","sticky":false,"template":"","format":"standard","meta":{"wpai_generated_summary":"","wpai_meta_description":"","footnotes":""},"categories":[130],"tags":[],"class_list":["post-2573","post","type-post","status-publish","format-standard","has-post-thumbnail","hentry","category-ayuntamiento-de-ingenio"],"_links":{"self":[{"href":"https:\/\/nublo.tv\/index.php\/wp-json\/wp\/v2\/posts\/2573","targetHints":{"allow":["GET"]}}],"collection":[{"href":"https:\/\/nublo.tv\/index.php\/wp-json\/wp\/v2\/posts"}],"about":[{"href":"https:\/\/nublo.tv\/index.php\/wp-json\/wp\/v2\/types\/post"}],"author":[{"embeddable":true,"href":"https:\/\/nublo.tv\/index.php\/wp-json\/wp\/v2\/users\/1"}],"replies":[{"embeddable":true,"href":"https:\/\/nublo.tv\/index.php\/wp-json\/wp\/v2\/comments?post=2573"}],"version-history":[{"count":1,"href":"https:\/\/nublo.tv\/index.php\/wp-json\/wp\/v2\/posts\/2573\/revisions"}],"predecessor-version":[{"id":2598,"href":"https:\/\/nublo.tv\/index.php\/wp-json\/wp\/v2\/posts\/2573\/revisions\/2598"}],"wp:featuredmedia":[{"embeddable":true,"href":"https:\/\/nublo.tv\/index.php\/wp-json\/wp\/v2\/media\/2574"}],"wp:attachment":[{"href":"https:\/\/nublo.tv\/index.php\/wp-json\/wp\/v2\/media?parent=2573"}],"wp:term":[{"taxonomy":"category","embeddable":true,"href":"https:\/\/nublo.tv\/index.php\/wp-json\/wp\/v2\/categories?post=2573"},{"taxonomy":"post_tag","embeddable":true,"href":"https:\/\/nublo.tv\/index.php\/wp-json\/wp\/v2\/tags?post=2573"}],"curies":[{"name":"wp","href":"https:\/\/api.w.org\/{rel}","templated":true}]}}