{"id":2575,"date":"2026-08-07T14:47:37","date_gmt":"2026-08-07T13:47:37","guid":{"rendered":"https:\/\/nublo.tv\/?p=2575"},"modified":"2026-08-29T08:57:49","modified_gmt":"2026-08-29T07:57:49","slug":"la-aldea-de-san-nicolas-abre-las-inscripciones-para-un-viaje-cultural-al-carnaval-de-cadiz-y-la-ruta-de-los-pueblos-blancos","status":"publish","type":"post","link":"https:\/\/nublo.tv\/index.php\/2026\/08\/07\/la-aldea-de-san-nicolas-abre-las-inscripciones-para-un-viaje-cultural-al-carnaval-de-cadiz-y-la-ruta-de-los-pueblos-blancos\/","title":{"rendered":"La Aldea de San Nicol\u00e1s abre las inscripciones para un viaje cultural al Carnaval de C\u00e1diz y la Ruta de los Pueblos Blancos"},"content":{"rendered":"<p>La expedici\u00f3n, programada del 5 al 9 de febrero de 2027, cuenta con plazas limitadas e incluye vuelos, traslados, alojamiento en hotel de cuatro estrellas, excursiones y visitas gastron\u00f3micas<\/p>\n<p>El Ayuntamiento de La Aldea de San Nicol\u00e1s, a trav\u00e9s de la Concejal\u00eda de Cultura que dirige V\u00edctor Hern\u00e1ndez, ha puesto en marcha un atractivo viaje cultural y tur\u00edstico a Andaluc\u00eda. Esta propuesta permitir\u00e1 a los vecinos y vecinas disfrutar del emblem\u00e1tico Carnaval de C\u00e1diz, una de las fiestas m\u00e1s reconocidas de Espa\u00f1a, combin\u00e1ndolo con un recorrido por la espectacular Ruta de los Pueblos Blancos de la provincia gaditana.<\/p>\n<p>La expedici\u00f3n, dirigida a personas mayores de 18 a\u00f1os, se llevar\u00e1 a cabo del 5 al 9 de febrero de 2027. El paquete de viaje tiene un coste de 895 euros por persona y ha sido dise\u00f1ado para ofrecer una experiencia completa y con todas las comodidades. En este precio se incluyen los traslados en guagua al aeropuerto desde La Aldea, los vuelos desde Gran Canaria y cuatro noches de alojamiento en un hotel de cuatro estrellas ubicado en la localidad costera de Rota.<\/p>\n<p>El itinerario ofrece una oportunidad \u00fanica para conocer de cerca la tradici\u00f3n, la m\u00fasica, el humor y el ambiente festivo que caracterizan al Carnaval de C\u00e1diz, declarado Fiesta de Inter\u00e9s Tur\u00edstico Internacional. Sumado a esto, los participantes descubrir\u00e1n el encanto de la Sierra de C\u00e1diz a trav\u00e9s de sus pueblos m\u00e1s representativos, famosos por su arquitectura de casas encaladas, su patrimonio hist\u00f3rico, su rica gastronom\u00eda y sus paisajes naturales. El programa lleva todas las excursiones incluidas, y se completar\u00e1 con una inmersi\u00f3n en la cultura andaluza gracias a una visita a una tradicional bodega de vino y brandy en Jerez, adem\u00e1s de un almuerzo amenizado con un aut\u00e9ntico espect\u00e1culo de flamenco.<\/p>\n<p>Con esta iniciativa, la Concejal\u00eda de Cultura apuesta por promover actividades de ocio, cultura y convivencia, facilitando a la ciudadan\u00eda el acceso a una experiencia inolvidable que a\u00fana tradici\u00f3n, turismo y patrimonio en un ambiente de hermandad vecinal.<\/p>\n<p>Las plazas para participar en este viaje organizado de la mano de IAG7 Viajes son limitadas. Las personas interesadas en sumarse a esta aventura andaluza podr\u00e1n formalizar su inscripci\u00f3n o solicitar m\u00e1s informaci\u00f3n a partir del pr\u00f3ximo 10 de agosto de 2026. Para ello, deber\u00e1n dirigirse presencialmente a las dependencias de la Agencia de Desarrollo Local (C\/ Mariano de C\u00e1ceres, 2) en horario de 09:00 a 13:00 horas, llamar al tel\u00e9fono 682 667 723, o informarse a trav\u00e9s de los canales oficiales del Ayuntamiento.<\/p>\n<p>es\u00bb>La Aldea<\/a>.<\/p>\n","protected":false},"excerpt":{"rendered":"<p>La expedici\u00f3n, programada del 5 al 9 de febrero de 2027, cuenta con plazas limitadas e incluye vuelos, traslados, alojamiento en hotel de cuatro estrellas, excursiones y visitas gastron\u00f3micas El&hellip;<\/p>\n","protected":false},"author":1,"featured_media":2576,"comment_status":"open","ping_status":"open","sticky":false,"template":"","format":"standard","meta":{"wpai_generated_summary":"","wpai_meta_description":"","footnotes":""},"categories":[131],"tags":[],"class_list":["post-2575","post","type-post","status-publish","format-standard","has-post-thumbnail","hentry","category-ayuntamiento-de-la-aldea-de-san-nicolas"],"_links":{"self":[{"href":"https:\/\/nublo.tv\/index.php\/wp-json\/wp\/v2\/posts\/2575","targetHints":{"allow":["GET"]}}],"collection":[{"href":"https:\/\/nublo.tv\/index.php\/wp-json\/wp\/v2\/posts"}],"about":[{"href":"https:\/\/nublo.tv\/index.php\/wp-json\/wp\/v2\/types\/post"}],"author":[{"embeddable":true,"href":"https:\/\/nublo.tv\/index.php\/wp-json\/wp\/v2\/users\/1"}],"replies":[{"embeddable":true,"href":"https:\/\/nublo.tv\/index.php\/wp-json\/wp\/v2\/comments?post=2575"}],"version-history":[{"count":2,"href":"https:\/\/nublo.tv\/index.php\/wp-json\/wp\/v2\/posts\/2575\/revisions"}],"predecessor-version":[{"id":18106,"href":"https:\/\/nublo.tv\/index.php\/wp-json\/wp\/v2\/posts\/2575\/revisions\/18106"}],"wp:featuredmedia":[{"embeddable":true,"href":"https:\/\/nublo.tv\/index.php\/wp-json\/wp\/v2\/media\/2576"}],"wp:attachment":[{"href":"https:\/\/nublo.tv\/index.php\/wp-json\/wp\/v2\/media?parent=2575"}],"wp:term":[{"taxonomy":"category","embeddable":true,"href":"https:\/\/nublo.tv\/index.php\/wp-json\/wp\/v2\/categories?post=2575"},{"taxonomy":"post_tag","embeddable":true,"href":"https:\/\/nublo.tv\/index.php\/wp-json\/wp\/v2\/tags?post=2575"}],"curies":[{"name":"wp","href":"https:\/\/api.w.org\/{rel}","templated":true}]}}