{"id":2585,"date":"2026-08-07T14:47:52","date_gmt":"2026-08-07T13:47:52","guid":{"rendered":"https:\/\/nublo.tv\/?p=2585"},"modified":"2026-08-07T14:47:52","modified_gmt":"2026-08-07T13:47:52","slug":"el-ayuntamiento-de-guia-informa-de-la-ii-convocatoria-de-proyectos-paraguas-de-aider-gran-canaria","status":"publish","type":"post","link":"https:\/\/nublo.tv\/index.php\/2026\/08\/07\/el-ayuntamiento-de-guia-informa-de-la-ii-convocatoria-de-proyectos-paraguas-de-aider-gran-canaria\/","title":{"rendered":"El Ayuntamiento de Gu\u00eda informa de la II Convocatoria de Proyectos Paraguas de AIDER Gran Canaria"},"content":{"rendered":"<p>\u25cf <strong>Destinada a seleccionar iniciativas colectivas e innovadoras que contribuyan al desarrollo equilibrado del medio rural en la Isla<\/strong><br \/>\nLa Concejal\u00eda de Sector Primario informa de la publicaci\u00f3n por parte de AIDER Gran Canaria de la II Convocatoria de Proyectos Paraguas destinada a seleccionar iniciativas colectivas e innovadoras que contribuyan al desarrollo equilibrado del medio rural en la Isla. La concejala del \u00e1rea, Alejandra Garc\u00eda D\u00edaz, destaca la importancia de este tipo de herramientas para dinamizar el sector primario y el entorno rural del municipio.<br \/>\nEsta convocatoria se enmarca en la Estrategia de Desarrollo Local Participativa \u00abGran Canaria Isla Rural\u00bb y en la Intervenci\u00f3n 7119 LEADER del Plan Estrat\u00e9gico de la PAC (PEPAC) 2023-2027.<br \/>\nCon el objetivo de explicar las bases, los requisitos y la tramitaci\u00f3n de estas ayudas, AIDER Gran Canaria celebrar\u00e1 tres jornadas informativas de car\u00e1cter online los d\u00edas 13 y 27 de agosto, y el 14 de septiembre, a partir de las 12:30 horas.<br \/>\nLa participaci\u00f3n en estas sesiones es totalmente gratuita y requiere inscripci\u00f3n previa a trav\u00e9s del formulario que puede descargarse en el siguiente enlace: https:\/\/docs.google.com\/forms\/d\/e\/1FAIpQLSc2uty-VwedW16flii924vjlwjp9NtWEg52iiRmYCMJpLc3ew\/viewform?usp=header<\/p>\n<p>Asimismo, toda la informaci\u00f3n relativa a esta convocatoria se encuentra disponible en la web de AIDER Gran Canaria en el siguiente enlace https:\/\/www.aidergc.com\/ii-convocatoria-de-seleccion-de-proyectos-paraguas\/<\/p>\n","protected":false},"excerpt":{"rendered":"<p>\u25cf Destinada a seleccionar iniciativas colectivas e innovadoras que contribuyan al desarrollo equilibrado del medio rural en la Isla La Concejal\u00eda de Sector Primario informa de la publicaci\u00f3n por parte&hellip;<\/p>\n","protected":false},"author":1,"featured_media":2586,"comment_status":"open","ping_status":"open","sticky":false,"template":"","format":"standard","meta":{"wpai_generated_summary":"","wpai_meta_description":"","footnotes":""},"categories":[138],"tags":[],"class_list":["post-2585","post","type-post","status-publish","format-standard","has-post-thumbnail","hentry","category-ayuntamiento-de-santa-maria-de-guia"],"_links":{"self":[{"href":"https:\/\/nublo.tv\/index.php\/wp-json\/wp\/v2\/posts\/2585","targetHints":{"allow":["GET"]}}],"collection":[{"href":"https:\/\/nublo.tv\/index.php\/wp-json\/wp\/v2\/posts"}],"about":[{"href":"https:\/\/nublo.tv\/index.php\/wp-json\/wp\/v2\/types\/post"}],"author":[{"embeddable":true,"href":"https:\/\/nublo.tv\/index.php\/wp-json\/wp\/v2\/users\/1"}],"replies":[{"embeddable":true,"href":"https:\/\/nublo.tv\/index.php\/wp-json\/wp\/v2\/comments?post=2585"}],"version-history":[{"count":3,"href":"https:\/\/nublo.tv\/index.php\/wp-json\/wp\/v2\/posts\/2585\/revisions"}],"predecessor-version":[{"id":2610,"href":"https:\/\/nublo.tv\/index.php\/wp-json\/wp\/v2\/posts\/2585\/revisions\/2610"}],"wp:featuredmedia":[{"embeddable":true,"href":"https:\/\/nublo.tv\/index.php\/wp-json\/wp\/v2\/media\/2586"}],"wp:attachment":[{"href":"https:\/\/nublo.tv\/index.php\/wp-json\/wp\/v2\/media?parent=2585"}],"wp:term":[{"taxonomy":"category","embeddable":true,"href":"https:\/\/nublo.tv\/index.php\/wp-json\/wp\/v2\/categories?post=2585"},{"taxonomy":"post_tag","embeddable":true,"href":"https:\/\/nublo.tv\/index.php\/wp-json\/wp\/v2\/tags?post=2585"}],"curies":[{"name":"wp","href":"https:\/\/api.w.org\/{rel}","templated":true}]}}