{"id":2589,"date":"2026-08-07T14:48:00","date_gmt":"2026-08-07T13:48:00","guid":{"rendered":"https:\/\/nublo.tv\/?p=2589"},"modified":"2026-08-29T08:57:49","modified_gmt":"2026-08-29T07:57:49","slug":"manuel-dominguez-y-poli-suarez-visitan-barranco-seco-apoyo-a-la-ud-las-palmas","status":"publish","type":"post","link":"https:\/\/nublo.tv\/index.php\/2026\/08\/07\/manuel-dominguez-y-poli-suarez-visitan-barranco-seco-apoyo-a-la-ud-las-palmas\/","title":{"rendered":"Manuel Dom\u00ednguez y Poli Su\u00e1rez visitan Barranco Seco: apoyo a la UD Las Palmas"},"content":{"rendered":"<h2>El vicepresidente y el consejero de Deportes se acercan a la Ciudad Deportiva antes del inicio de la temporada 2026\/27<\/h2>\n<p>Este viernes, la Ciudad Deportiva de Barranco Seco recibi\u00f3 la visita institucional de <strong>Manuel Dom\u00ednguez<\/strong>, vicepresidente del Gobierno de Canarias, y de <strong>Poli Su\u00e1rez<\/strong>, consejero de Deportes, que quisieron trasladar su apoyo y desear suerte a la <strong>UD Las Palmas<\/strong> de cara al inicio de la <strong>temporada 2026\/27<\/strong>.<\/p>\n<hr \/>\n<p>Dom\u00ednguez y Su\u00e1rez fueron recibidos por el presidente de la UD Las Palmas, <strong>Miguel \u00c1ngel Ram\u00edrez<\/strong>, y tuvieron la oportunidad de saludar al cuerpo t\u00e9cnico y a la primera plantilla antes del comienzo de la sesi\u00f3n de entrenamiento.<\/p>\n<p>Durante el acto, tambi\u00e9n siguieron de cerca parte del trabajo dirigido por <strong>Rub\u00e9n de la Barrera<\/strong> en las instalaciones de la Ciudad Deportiva.<\/p>\n<figure style=\"margin-bottom: 20px\">\n  <img decoding=\"async\" src=\"https:\/\/www.canariasenpleno.com\/wp-content\/uploads\/2026\/08\/manuel-dominguez-poli-suarez-barranco-seco.jpg\" alt=\"Manuel Dom\u00ednguez y Poli Su\u00e1rez visitan Barranco Seco\" style=\"width: 100%;height: auto;border-radius: 4px\" \/><br \/>\n<\/figure>\n<hr \/>\n<h3>Respaldo institucional en la antesala de la competici\u00f3n<\/h3>\n<p>La visita se enmarca como una muestra de <strong>respaldo institucional<\/strong> al club canario en la recta final previa al comienzo de la competici\u00f3n, con el deseo de que la UD Las Palmas coseche los mayores \u00e9xitos en la nueva campa\u00f1a.<\/p>\n<p>Para entender el papel del Gobierno de Canarias en el deporte, puedes consultar el <a href=\"https:\/\/www.gobiernodecanarias.org\/\">portal del Gobierno de Canarias<\/a> y, en el \u00e1mbito de la entidad deportiva, seguir las novedades en la <a href=\"https:\/\/www.udlaspalmas.es\/\">web oficial de la UD Las Palmas<\/a>.<\/p>\n<hr \/>\n<h3>Qu\u00e9 dej\u00f3 la visita<\/h3>\n<ul>\n<li><strong>Fecha:<\/strong> este viernes.<\/li>\n<li><strong>Lugar:<\/strong> Ciudad Deportiva de Barranco Seco.<\/li>\n<li><strong>Objetivo:<\/strong> apoyo y deseos de suerte para la UD Las Palmas en la temporada 2026\/27.<\/li>\n<\/ul>\n<h3>Preguntas frecuentes<\/h3>\n<p>details{margin:0 0 12px;overflow:hidden;border:1px solid #e2e5e9;border-radius:10px;background:#fff;transition:border-color .2s ease,box-shadow .2s ease}details:hover,details[open]{border-color:#cfd4da;box-shadow:0 4px 14px rgba(0,0,0,.05)}details summary{position:relative;padding:17px 54px 17px 20px;color:#222;font-size:1rem;font-weight:600;line-height:1.45;list-style:none;cursor:pointer;transition:background-color .2s ease}details summary:hover,details[open] summary{background:#f8f9fa}details[open] summary{border-bottom:1px solid #eceff2}details summary::-webkit-details-marker{display:none}details summary:after{content:\u00bb+\u00bb;position:absolute;top:50%;right:18px;display:flex;align-items:center;justify-content:center;width:26px;height:26px;border:1px solid #d6d9dd;border-radius:50%;color:#4b5563;background:#fff;font-size:19px;font-weight:500;line-height:1;transform:translateY(-50%);transition:background-color .2s ease,color .2s ease,transform .2s ease}details[open] summary:after{content:\u00bb\u2212\u00bb;color:#fff;background:#333;border-color:#333;transform:translateY(-50%) rotate(180deg)}details .contenido{padding:18px 20px 20px;color:#444;font-size:1rem;line-height:1.75}details .contenido p{margin:0}@media(max-width:768px){details summary{padding:15px 48px 15px 16px;font-size:.98rem}details summary:after{right:14px;width:24px;height:24px;font-size:18px}details .contenido{padding:16px}}<\/p>\n<details>\n<summary>\u00bfQui\u00e9n visit\u00f3 la Ciudad Deportiva de Barranco Seco este viernes?<\/summary>\n<div class=\"contenido\">\n<p>La Ciudad Deportiva de Barranco Seco recibi\u00f3 este viernes la visita institucional de <strong>Manuel Dom\u00ednguez<\/strong>, vicepresidente del Gobierno de Canarias, y de <strong>Poli Su\u00e1rez<\/strong>, consejero de Deportes. Ambos representantes acudieron para trasladar su apoyo y desear suerte a la <strong>UD Las Palmas<\/strong> de cara al inicio de la <strong>temporada 2026\/27<\/strong>. Seg\u00fan lo informado, fueron recibidos por el presidente del club, <strong>Miguel \u00c1ngel Ram\u00edrez<\/strong>, y tuvieron la oportunidad de saludar al cuerpo t\u00e9cnico y a la primera plantilla antes del entrenamiento.<\/p>\n<\/p>\n<\/div>\n<\/details>\n<details>\n<summary>\u00bfQu\u00e9 hizo la visita institucional antes del entrenamiento?<\/summary>\n<div class=\"contenido\">\n<p>La visita se desarroll\u00f3 justo en la antesala del comienzo de la sesi\u00f3n de entrenamiento en la Ciudad Deportiva de Barranco Seco. En ese contexto, <strong>Manuel Dom\u00ednguez<\/strong> y <strong>Poli Su\u00e1rez<\/strong> se reunieron con el presidente de la UD Las Palmas, <strong>Miguel \u00c1ngel Ram\u00edrez<\/strong>, y pudieron saludar al <strong>cuerpo t\u00e9cnico<\/strong> y a la <strong>primera plantilla<\/strong>. Adem\u00e1s, siguieron parte del trabajo dirigido por <strong>Rub\u00e9n de la Barrera<\/strong> en las instalaciones, seg\u00fan el relato de la visita. El objetivo final fue mostrar respaldo institucional al club en momentos previos a la competici\u00f3n.<\/p>\n<\/p>\n<\/div>\n<\/details>\n<details>\n<summary>\u00bfPor qu\u00e9 es relevante para Canarias esta visita a la UD Las Palmas?<\/summary>\n<div class=\"contenido\">\n<p>Porque la UD Las Palmas es un club representativo del deporte en Canarias y la visita institucional tuvo lugar en su Ciudad Deportiva, en <strong>Barranco Seco<\/strong>. El relato subraya que el vicepresidente del Gobierno de Canarias y el consejero de Deportes acudieron para trasladar su apoyo y desear suerte al equipo de cara al inicio de la <strong>temporada 2026\/27<\/strong>. Este tipo de encuentros se interpreta como una se\u00f1al de respaldo institucional al proyecto deportivo en la recta final antes de competir. Para el aficionado, adem\u00e1s, refuerza la idea de que el deporte local mantiene atenci\u00f3n desde las instituciones.<\/p>\n<\/p>\n<\/div>\n<\/details>\n<details>\n<summary>\u00bfQu\u00e9 entrenaba o trabajaba el equipo en las instalaciones durante la visita?<\/summary>\n<div class=\"contenido\">\n<p>Durante la visita, los representantes institucionales siguieron parte del trabajo que dirig\u00eda <strong>Rub\u00e9n de la Barrera<\/strong> en las instalaciones de la Ciudad Deportiva. La informaci\u00f3n tambi\u00e9n indica que el acto ocurri\u00f3 antes del inicio de la sesi\u00f3n de entrenamiento, con saludos al cuerpo t\u00e9cnico y a la primera plantilla. No se detallan ejercicios concretos ni el plan de entrenamiento minuto a minuto, pero s\u00ed se menciona el seguimiento del trabajo dirigido por el entrenador en ese momento.<\/p>\n<\/p>\n<\/div>\n<\/details>\n<details>\n<summary>\u00bfQu\u00e9 se pretend\u00eda con el encuentro antes del inicio de la temporada 2026\/27?<\/summary>\n<div class=\"contenido\">\n<p>El encuentro se present\u00f3 como una muestra de <strong>respaldo institucional<\/strong> al club canario en la antesala del comienzo de la competici\u00f3n. La visita de <strong>Manuel Dom\u00ednguez<\/strong> y <strong>Poli Su\u00e1rez<\/strong> se cerr\u00f3 con deseos de que la <strong>UD Las Palmas<\/strong> logre los mayores \u00e9xitos en la nueva campa\u00f1a. En t\u00e9rminos pr\u00e1cticos, el apoyo se tradujo en la presencia en la Ciudad Deportiva, los saludos a los integrantes de la primera plantilla y al cuerpo t\u00e9cnico, y el seguimiento de parte del trabajo del entrenador <strong>Rub\u00e9n de la Barrera<\/strong> en v\u00edsperas del arranque de la <strong>temporada 2026\/27<\/strong>.<\/p>\n<\/p>\n<\/div>\n<\/details>\n<p>canariasenpleno.com\u00bb>canariasenpleno.com<\/a>.<\/p>\n","protected":false},"excerpt":{"rendered":"<p>El vicepresidente y el consejero de Deportes se acercan a la Ciudad Deportiva antes del inicio de la temporada 2026\/27 Este viernes, la Ciudad Deportiva de Barranco Seco recibi\u00f3 la&hellip;<\/p>\n","protected":false},"author":1,"featured_media":2590,"comment_status":"open","ping_status":"open","sticky":false,"template":"","format":"standard","meta":{"wpai_generated_summary":"","wpai_meta_description":"","footnotes":""},"categories":[121],"tags":[],"class_list":["post-2589","post","type-post","status-publish","format-standard","has-post-thumbnail","hentry","category-noticias"],"_links":{"self":[{"href":"https:\/\/nublo.tv\/index.php\/wp-json\/wp\/v2\/posts\/2589","targetHints":{"allow":["GET"]}}],"collection":[{"href":"https:\/\/nublo.tv\/index.php\/wp-json\/wp\/v2\/posts"}],"about":[{"href":"https:\/\/nublo.tv\/index.php\/wp-json\/wp\/v2\/types\/post"}],"author":[{"embeddable":true,"href":"https:\/\/nublo.tv\/index.php\/wp-json\/wp\/v2\/users\/1"}],"replies":[{"embeddable":true,"href":"https:\/\/nublo.tv\/index.php\/wp-json\/wp\/v2\/comments?post=2589"}],"version-history":[{"count":2,"href":"https:\/\/nublo.tv\/index.php\/wp-json\/wp\/v2\/posts\/2589\/revisions"}],"predecessor-version":[{"id":18108,"href":"https:\/\/nublo.tv\/index.php\/wp-json\/wp\/v2\/posts\/2589\/revisions\/18108"}],"wp:featuredmedia":[{"embeddable":true,"href":"https:\/\/nublo.tv\/index.php\/wp-json\/wp\/v2\/media\/2590"}],"wp:attachment":[{"href":"https:\/\/nublo.tv\/index.php\/wp-json\/wp\/v2\/media?parent=2589"}],"wp:term":[{"taxonomy":"category","embeddable":true,"href":"https:\/\/nublo.tv\/index.php\/wp-json\/wp\/v2\/categories?post=2589"},{"taxonomy":"post_tag","embeddable":true,"href":"https:\/\/nublo.tv\/index.php\/wp-json\/wp\/v2\/tags?post=2589"}],"curies":[{"name":"wp","href":"https:\/\/api.w.org\/{rel}","templated":true}]}}