{"id":2593,"date":"2026-08-07T14:47:56","date_gmt":"2026-08-07T13:47:56","guid":{"rendered":"https:\/\/nublo.tv\/?p=2593"},"modified":"2026-08-29T08:57:49","modified_gmt":"2026-08-29T07:57:49","slug":"santa-cruz-asfaltado-urgente-en-la-avenida-islas-canarias-desde-el-10-8","status":"publish","type":"post","link":"https:\/\/nublo.tv\/index.php\/2026\/08\/07\/santa-cruz-asfaltado-urgente-en-la-avenida-islas-canarias-desde-el-10-8\/","title":{"rendered":"Santa Cruz: asfaltado urgente en la avenida Islas Canarias desde el 10\/8"},"content":{"rendered":"<p><H2>Asfaltado en la avenida Islas Canarias con cortes totales y desv\u00edos desde el lunes 10 de agosto<\/H2><\/p>\n<p>El <strong>Ayuntamiento de Santa Cruz de Tenerife<\/strong> pone en marcha, del <strong>10 al 31 de agosto<\/strong>, una nueva actuaci\u00f3n de asfaltado en la <strong>avenida Islas Canarias<\/strong>, una de las principales v\u00edas de acceso de la capital. Los trabajos se ejecutar\u00e1n en varias fases para reducir el impacto sobre la circulaci\u00f3n, pero con <strong>cortes totales durante 24 horas<\/strong> en cada una de las calzadas afectadas.<\/p>\n<p>La intervenci\u00f3n cuenta con un presupuesto de <strong>269.110,77 euros<\/strong> y se encuadra en la estrategia municipal <strong>Impulso Urbano<\/strong>, dirigida a renovar progresivamente la red viaria. El alcalde, <strong>Jos\u00e9 Manuel Berm\u00fadez<\/strong>, sit\u00faa la obra en el objetivo de conservar y mejorar el espacio p\u00fablico \u201cen todos los distritos\u201d.<\/p>\n<hr>\n<h3>Qu\u00e9 tramo se asfalta y por qu\u00e9 hay que renovar el firme<\/h3>\n<p>Los trabajos se centran en los <strong>dos carriles ascendentes<\/strong> situados a ambos lados de la plataforma del tranv\u00eda, entre la <strong>Rambla de Santa Cruz<\/strong> y la <strong>avenida de Venezuela<\/strong>. Seg\u00fan el Ayuntamiento, el tramo requer\u00eda una intervenci\u00f3n para mejorar el estado del pavimento y <strong>prolongar la vida \u00fatil<\/strong> de la infraestructura.<\/p>\n<figure style=\"margin-bottom: 20px\">\n  <img decoding=\"async\" src=\"https:\/\/www.canariasenpleno.com\/wp-content\/uploads\/2026\/08\/impulso-urbano-asfaltado-islas-canarias.jpg\" alt=\"Impulso Urbano: asfaltado en Islas Canarias del 10 al 31\" style=\"width: 100%;height: auto;border-radius: 4px\" \/><br \/>\n<\/figure>\n<p>La obra contempla la demolici\u00f3n de <strong>9.164 metros cuadrados<\/strong> de firme existente y la retirada de <strong>1.750 metros cuadrados<\/strong> de adoquines. Despu\u00e9s se proceder\u00e1 al suministro y extendido de <strong>1.319 toneladas<\/strong> de mezcla asf\u00e1ltica para reponer el pavimento, junto con la reposici\u00f3n completa de la se\u00f1alizaci\u00f3n horizontal al finalizar.<\/p>\n<hr>\n<h3>Tr\u00e1fico: siete fases, prohibido aparcar y alternativas se\u00f1alizadas<\/h3>\n<p>Para ejecutar la actuaci\u00f3n, el Ayuntamiento prev\u00e9 <strong>siete fases<\/strong> en ambas calzadas, con <strong>cortes totales del tr\u00e1fico<\/strong> durante las <strong>24 horas<\/strong> correspondientes a cada una de ellas. Tambi\u00e9n habr\u00e1 <strong>prohibici\u00f3n de estacionamiento<\/strong> en las zonas afectadas y circulaci\u00f3n por <strong>itinerarios alternativos<\/strong> debidamente se\u00f1alizados.<\/p>\n<ul>\n<li><strong>Fase 1<\/strong> (comienza este lunes): hasta la calle Obispo P\u00e9rez C\u00e1ceres; se desv\u00eda el tr\u00e1fico por v\u00edas como Avenida de La Asunci\u00f3n o Avenida de B\u00e9lgica, ya que la calle Salamanca estar\u00e1 cortada.<\/li>\n<li><strong>Fase 2<\/strong>: hasta la rotonda de la avenida de B\u00e9lgica; el primer tramo de actuaci\u00f3n y la calle Salamanca vuelven a estar habilitadas.<\/li>\n<li><strong>Fase 3<\/strong>: \u00faltimo tramo junto a la glorieta; se habilita una rotonda provisional a media calzada.<\/li>\n<\/ul>\n<p>Tras terminar en la <strong>calzada 1<\/strong>, se iniciar\u00e1 la obra en la <strong>calzada 2<\/strong>, dividida a su vez en cuatro fases. En las fases 2 y 3 se avanzar\u00e1 manteniendo movilidad por v\u00edas pr\u00f3ximas como la calle Zurbar\u00e1n, y en la fase 4 se habilitar\u00e1 igualmente una rotonda provisional a media calzada.<\/p>\n<hr>\n<h3>Transporte p\u00fablico: la l\u00ednea 904 cambia su recorrido del 10 al 12 de agosto<\/h3>\n<p>La primera fase de asfaltado en la avenida Islas Canarias afecta a la <strong>l\u00ednea 904 de Titsa<\/strong> en sentido Cuesta Piedra entre las <strong>7:30<\/strong> del lunes <strong>10 de agosto<\/strong> y las <strong>7:30<\/strong> del mi\u00e9rcoles <strong>12 de agosto<\/strong>. Durante ese periodo, desde la <strong>plaza Weyler<\/strong> los veh\u00edculos circular\u00e1n por <strong>avenida 25 de Julio<\/strong>, <strong>Viera y Clavijo<\/strong>, <strong>Horacio Nelson<\/strong>, <strong>Los Sue\u00f1os<\/strong>, <strong>Domingo J. Manrique<\/strong> y el puente <strong>Javier del Lo\u00f1o<\/strong>.<\/p>\n<p>Por el desv\u00edo, quedan anuladas las paradas <strong>\u00c1lvarez de Lugo<\/strong>, <strong>Rambla Pulido<\/strong> y <strong>Salamanca<\/strong>, que se sustituyen provisionalmente por <strong>Plaza de los Patos<\/strong>, <strong>Sagrado Coraz\u00f3n<\/strong> y <strong>Horacio Nelson<\/strong>. El resto de afecciones se ir\u00e1 comunicando conforme avancen las fases.<\/p>\n<p>El Ayuntamiento de Santa Cruz recomienda revisar la se\u00f1alizaci\u00f3n provisional y usar los itinerarios alternativos habilitados. Desde el Consistorio tambi\u00e9n piden comprensi\u00f3n por las molestias derivadas de unos trabajos que buscan una red viaria \u201cm\u00e1s segura, c\u00f3moda y adaptada a las necesidades de la ciudad\u201d.<\/p>\n<hr>\n<p><strong>Impulso Urbano<\/strong> es el paraguas municipal citado para esta actuaci\u00f3n, con un contrato marco que permitir\u00e1 renovar m\u00e1s de un centenar de v\u00edas hasta <strong>2027<\/strong> y una inversi\u00f3n prevista de m\u00e1s de <strong>100 millones de euros<\/strong> en calles y espacios urbanos hasta <strong>2030<\/strong>.<\/p>\n<h3>Preguntas frecuentes<\/h3>\n<p>details{margin:0 0 12px;overflow:hidden;border:1px solid #e2e5e9;border-radius:10px;background:#fff;transition:border-color .2s ease,box-shadow .2s ease}details:hover,details[open]{border-color:#cfd4da;box-shadow:0 4px 14px rgba(0,0,0,.05)}details summary{position:relative;padding:17px 54px 17px 20px;color:#222;font-size:1rem;font-weight:600;line-height:1.45;list-style:none;cursor:pointer;transition:background-color .2s ease}details summary:hover,details[open] summary{background:#f8f9fa}details[open] summary{border-bottom:1px solid #eceff2}details summary::-webkit-details-marker{display:none}details summary:after{content:\u00bb+\u00bb;position:absolute;top:50%;right:18px;display:flex;align-items:center;justify-content:center;width:26px;height:26px;border:1px solid #d6d9dd;border-radius:50%;color:#4b5563;background:#fff;font-size:19px;font-weight:500;line-height:1;transform:translateY(-50%);transition:background-color .2s ease,color .2s ease,transform .2s ease}details[open] summary:after{content:\u00bb\u2212\u00bb;color:#fff;background:#333;border-color:#333;transform:translateY(-50%) rotate(180deg)}details .contenido{padding:18px 20px 20px;color:#444;font-size:1rem;line-height:1.75}details .contenido p{margin:0}@media(max-width:768px){details summary{padding:15px 48px 15px 16px;font-size:.98rem}details summary:after{right:14px;width:24px;height:24px;font-size:18px}details .contenido{padding:16px}}<\/p>\n<details>\n<summary>\u00bfCu\u00e1ndo empieza el asfaltado en la avenida Islas Canarias?<\/summary>\n<div class=\"contenido\">\n<p>La actuaci\u00f3n de asfaltado en la <strong>avenida Islas Canarias<\/strong> arranca el <strong>10 de agosto<\/strong> y se desarrollar\u00e1 hasta el <strong>31 de agosto<\/strong>. Los trabajos se organizar\u00e1n en varias fases, con cortes totales del tr\u00e1fico durante <strong>24 horas<\/strong> en cada fase, adem\u00e1s de se\u00f1alizaci\u00f3n provisional y itinerarios alternativos. El Ayuntamiento prev\u00e9 que, seg\u00fan avance la obra, se habiliten tramos con media calzada abierta en determinados momentos cuando las condiciones lo permitan. La planificaci\u00f3n afecta tambi\u00e9n al transporte p\u00fablico en la primera fase, especialmente entre el <strong>10<\/strong> y el <strong>12 de agosto<\/strong>.<\/p>\n<\/div>\n<\/details>\n<details>\n<summary>\u00bfQu\u00e9 tramo exacto se reforma y qu\u00e9 obras incluye?<\/summary>\n<div class=\"contenido\">\n<p>El asfaltado se concentra en los <strong>dos carriles ascendentes<\/strong> situados a ambos lados de la plataforma del <strong>tranv\u00eda<\/strong>, entre la <strong>Rambla de Santa Cruz<\/strong> y la <strong>avenida de Venezuela<\/strong>. La intervenci\u00f3n incluye la <strong>demolici\u00f3n<\/strong> de <strong>9.164 metros cuadrados<\/strong> de firme existente y la retirada de <strong>1.750 metros cuadrados<\/strong> de adoquines. Despu\u00e9s se realiza el suministro y extendido de <strong>1.319 toneladas<\/strong> de mezcla asf\u00e1ltica. Cuando se complete la reposici\u00f3n del pavimento, se ejecuta la <strong>reposici\u00f3n completa de la se\u00f1alizaci\u00f3n horizontal<\/strong> para garantizar condiciones \u00f3ptimas de circulaci\u00f3n.<\/p>\n<\/div>\n<\/details>\n<details>\n<summary>\u00bfHabr\u00e1 cortes de tr\u00e1fico totales en alg\u00fan momento?<\/summary>\n<div class=\"contenido\">\n<p>S\u00ed. El Ayuntamiento indica que la obra se desarrollar\u00e1 por <strong>siete fases<\/strong> distribuidas en ambas calzadas y que habr\u00e1 <strong>cortes totales del tr\u00e1fico<\/strong> durante <strong>24 horas<\/strong> en cada fase. En paralelo, se aplicar\u00e1 <strong>prohibici\u00f3n de estacionamiento<\/strong> en las zonas afectadas y se mantendr\u00e1 la circulaci\u00f3n con <strong>itinerarios alternativos<\/strong> se\u00f1alizados. En algunos momentos, se mantendr\u00e1 <strong>media calzada abierta<\/strong> cuando sea posible, con el objetivo de facilitar el tr\u00e1nsito. La fase 1, por ejemplo, incluye desv\u00edos y el corte de la calle Salamanca.<\/p>\n<\/div>\n<\/details>\n<details>\n<summary>\u00bfC\u00f3mo afecta al transporte p\u00fablico la obra de la avenida Islas Canarias?<\/summary>\n<div class=\"contenido\">\n<p>En la primera fase, la <strong>l\u00ednea 904 de Titsa<\/strong> modifica temporalmente su recorrido en sentido <strong>Cuesta Piedra<\/strong> desde las <strong>7:30<\/strong> del <strong>lunes 10 de agosto<\/strong> hasta las <strong>7:30<\/strong> del <strong>mi\u00e9rcoles 12 de agosto<\/strong>. Desde la <strong>plaza Weyler<\/strong>, los veh\u00edculos circular\u00e1n por la <strong>avenida 25 de Julio<\/strong>, <strong>Viera y Clavijo<\/strong>, <strong>Horacio Nelson<\/strong>, <strong>Los Sue\u00f1os<\/strong>, <strong>Domingo J. Manrique<\/strong> y el puente <strong>Javier del Lo\u00f1o<\/strong> para retomar su itinerario habitual. Quedan anuladas las paradas <strong>\u00c1lvarez de Lugo<\/strong>, <strong>Rambla Pulido<\/strong> y <strong>Salamanca<\/strong> y se sustituyen por <strong>Plaza de los Patos<\/strong>, <strong>Sagrado Coraz\u00f3n<\/strong> y <strong>Horacio Nelson<\/strong>. El resto de cambios se comunicar\u00e1n por fases.<\/p>\n<\/div>\n<\/details>\n<details>\n<summary>\u00bfD\u00f3nde encaja esta obra dentro de la estrategia municipal?<\/summary>\n<div class=\"contenido\">\n<p>El asfaltado en la <strong>avenida Islas Canarias<\/strong> se incluye en el plan municipal <strong>Impulso Urbano<\/strong>. El Ayuntamiento lo presenta como una estrategia destinada a mejorar el estado de las v\u00edas p\u00fablicas y la calidad de vida mediante la renovaci\u00f3n progresiva de la red viaria del municipio. La actuaci\u00f3n forma parte del contrato marco mencionado por el Consistorio, que permitir\u00eda renovar m\u00e1s de un centenar de v\u00edas hasta <strong>2027<\/strong>. Adem\u00e1s, se se\u00f1ala una inversi\u00f3n prevista de m\u00e1s de <strong>100 millones de euros<\/strong> hasta <strong>2030<\/strong> para calles y espacios urbanos. El objetivo declarado por el alcalde y el concejal de Servicios P\u00fablicos es avanzar hacia infraestructuras modernas y seguras.<\/p>\n<\/div>\n<\/details>\n<p>canariasenpleno.com\u00bb>canariasenpleno.com<\/a>.<\/p>\n","protected":false},"excerpt":{"rendered":"<p>Asfaltado en la avenida Islas Canarias con cortes totales y desv\u00edos desde el lunes 10 de agosto El Ayuntamiento de Santa Cruz de Tenerife pone en marcha, del 10 al&hellip;<\/p>\n","protected":false},"author":1,"featured_media":2594,"comment_status":"open","ping_status":"open","sticky":false,"template":"","format":"standard","meta":{"wpai_generated_summary":"","wpai_meta_description":"","footnotes":""},"categories":[121],"tags":[],"class_list":["post-2593","post","type-post","status-publish","format-standard","has-post-thumbnail","hentry","category-noticias"],"_links":{"self":[{"href":"https:\/\/nublo.tv\/index.php\/wp-json\/wp\/v2\/posts\/2593","targetHints":{"allow":["GET"]}}],"collection":[{"href":"https:\/\/nublo.tv\/index.php\/wp-json\/wp\/v2\/posts"}],"about":[{"href":"https:\/\/nublo.tv\/index.php\/wp-json\/wp\/v2\/types\/post"}],"author":[{"embeddable":true,"href":"https:\/\/nublo.tv\/index.php\/wp-json\/wp\/v2\/users\/1"}],"replies":[{"embeddable":true,"href":"https:\/\/nublo.tv\/index.php\/wp-json\/wp\/v2\/comments?post=2593"}],"version-history":[{"count":2,"href":"https:\/\/nublo.tv\/index.php\/wp-json\/wp\/v2\/posts\/2593\/revisions"}],"predecessor-version":[{"id":18107,"href":"https:\/\/nublo.tv\/index.php\/wp-json\/wp\/v2\/posts\/2593\/revisions\/18107"}],"wp:featuredmedia":[{"embeddable":true,"href":"https:\/\/nublo.tv\/index.php\/wp-json\/wp\/v2\/media\/2594"}],"wp:attachment":[{"href":"https:\/\/nublo.tv\/index.php\/wp-json\/wp\/v2\/media?parent=2593"}],"wp:term":[{"taxonomy":"category","embeddable":true,"href":"https:\/\/nublo.tv\/index.php\/wp-json\/wp\/v2\/categories?post=2593"},{"taxonomy":"post_tag","embeddable":true,"href":"https:\/\/nublo.tv\/index.php\/wp-json\/wp\/v2\/tags?post=2593"}],"curies":[{"name":"wp","href":"https:\/\/api.w.org\/{rel}","templated":true}]}}