{"id":2595,"date":"2026-08-07T14:47:23","date_gmt":"2026-08-07T13:47:23","guid":{"rendered":"https:\/\/nublo.tv\/?p=2595"},"modified":"2026-08-27T12:35:26","modified_gmt":"2026-08-27T11:35:26","slug":"el-cabildo-destina-mas-de-783-000-euros-a-la-transformacion-de-la-zona-comercial-abierta-de-artenara","status":"publish","type":"post","link":"https:\/\/nublo.tv\/index.php\/2026\/08\/07\/el-cabildo-destina-mas-de-783-000-euros-a-la-transformacion-de-la-zona-comercial-abierta-de-artenara\/","title":{"rendered":"El Cabildo destina ma\u0301s de 783.000 euros a la transformacio\u0301n de la Zona Comercial Abierta de Artenara"},"content":{"rendered":"<p>El Cabildo destina m\u00e1s de 783.000 euros a la transformaci\u00f3n de la Zona Comercial Abierta de Artenara\u00a0Las actuaciones mejoran la accesibilidad, la seguridad y la calidad de los espacios p\u00fablicos del municipio para residentes y visitantesGran Canaria, 7 de agosto de 2026.- El Cabildo de Gran Canaria contin\u00faa avanzando en la mejora y cualificaci\u00f3n de la Zona Comercial Abierta de Artenara mediante distintas intervenciones que, entre 2019 y 2026, han supuesto una inversi\u00f3n de 783.125 euros destinada a reforzar la competitividad comercial, mejorar el espacio p\u00fablico y contribuir al desarrollo econ\u00f3mico del municipio.\u00a0La consejera de Desarrollo Econ\u00f3mico, Industria, Comercio y Artesan\u00eda del Cabildo de Gran Canaria, Minerva Alonso, ha visitado este mi\u00e9rcoles el Mirador de La Esquina, acompa\u00f1ada por el alcalde de Artenara, Jes\u00fas D\u00edaz, tras la finalizaci\u00f3n de las obras de adecuaci\u00f3n y mejora de este espacio, que culminan la remodelaci\u00f3n del n\u00facleo hist\u00f3rico del municipio.Durante la visita, la consejera ha destacado que &quot;las Zonas Comerciales Abiertas son mucho m\u00e1s que un conjunto de establecimientos. Son espacios de convivencia, de actividad econ\u00f3mica y de identidad para nuestros municipios, y por eso seguimos invirtiendo en mejorar su calidad urbana&quot;.Asimismo, Alonso ha subrayado que &quot;la renovaci\u00f3n del Mirador de La Esquina culmina un proceso de transformaci\u00f3n del n\u00facleo hist\u00f3rico de Artenara y recupera un espacio emblem\u00e1tico que conecta el casco del municipio con el paisaje de cumbres. Invertir en estos entornos supone tambi\u00e9n fortalecer el comercio local y generar nuevas oportunidades para los municipios de median\u00edas y cumbre&quot;.Por su parte, el alcalde de Artenara, Jes\u00fas D\u00edaz, ha agradecido la colaboraci\u00f3n institucional y ha se\u00f1alado que este proyecto &quot;permite seguir mejorando el casco hist\u00f3rico y ofrecer espacios p\u00fablicos de mayor calidad tanto a la poblaci\u00f3n residente como a quienes visitan el municipio, reforzando adem\u00e1s la actividad econ\u00f3mica vinculada al comercio y al turismo&quot;.El Mirador de La Esquina completa la remodelaci\u00f3n del casco hist\u00f3ricoLa mejora del Mirador de La Esquina ha supuesto una inversi\u00f3n de 60.000 euros, financiada con fondos propios del Cabildo de Gran Canaria, dentro de la estrategia insular para fortalecer las Zonas Comerciales Abiertas como espacios de dinamizaci\u00f3n econ\u00f3mica y social.La intervenci\u00f3n ha permitido mejorar la funcionalidad, la accesibilidad, la seguridad y la imagen de este enclave situado en pleno casco hist\u00f3rico de Artenara. Los trabajos han incluido la renovaci\u00f3n de los pavimentos, la sustituci\u00f3n de bordillos, la impermeabilizaci\u00f3n de las superficies afectadas, la renovaci\u00f3n del cerramiento perimetral y la instalaci\u00f3n de nuevas barandillas de aluminio y vidrio sobre una superficie total de 145,39 metros cuadrados. El resultado es un mirador renovado que conecta el n\u00facleo hist\u00f3rico del municipio con el paisaje de Cumbres y completa la remodelaci\u00f3n de este entorno urbano.Esta intervenci\u00f3n se suma al conjunto de inversiones impulsadas por el Cabildo en la Zona Comercial Abierta de Artenara durante los \u00faltimos a\u00f1os. En concreto, en 2019 se destinaron 12.500 euros al Plan Director del Casco Hist\u00f3rico, dentro del programa Transforma Gran Canaria. En 2022 se redact\u00f3 el proyecto b\u00e1sico y de ejecuci\u00f3n para la adecuaci\u00f3n del Mirador de La Esquina; posteriormente se ejecut\u00f3 esta intervenci\u00f3n, con una inversi\u00f3n de 60.000 euros financiada por el Cabildo de Gran Canaria. Y en 2023 se financiaron trabajos de mejora y cualificaci\u00f3n del \u00c1rea Comercial Abierta por importe de 710.625 euros, con cargo a los fondos europeos Next Generation.Estas actuaciones se enmarcan en la estrategia que desarrolla el Cabildo de Gran Canaria para modernizar las Zonas Comerciales Abiertas de la isla mediante la mejora del espacio urbano, la accesibilidad, la sostenibilidad y la calidad de los entornos comerciales, contribuyendo a reforzar la actividad econ\u00f3mica, el empleo y la cohesi\u00f3n territorial en todos los municipios.<\/p>\n<p>El Cabildo destina m\u00e1s de 783.000 euros a la transformaci\u00f3n de la Zona Comercial Abierta de Artenara\u00a0<\/p>\n<p>Las actuaciones mejoran la accesibilidad, la seguridad y la calidad de los espacios p\u00fablicos del municipio para residentes y visitantes<\/p>\n<p>Gran Canaria, 7 de agosto de 2026.- El Cabildo de Gran Canaria contin\u00faa avanzando en la mejora y cualificaci\u00f3n de la Zona Comercial Abierta de Artenara mediante distintas intervenciones que, entre 2019 y 2026, han supuesto una inversi\u00f3n de 783.125 euros destinada a reforzar la competitividad comercial, mejorar el espacio p\u00fablico y contribuir al desarrollo econ\u00f3mico del municipio.\u00a0<\/p>\n<p>La consejera de Desarrollo Econ\u00f3mico, Industria, Comercio y Artesan\u00eda del Cabildo de Gran Canaria, Minerva Alonso, ha visitado este mi\u00e9rcoles el Mirador de La Esquina, acompa\u00f1ada por el alcalde de Artenara, Jes\u00fas D\u00edaz, tras la finalizaci\u00f3n de las obras de adecuaci\u00f3n y mejora de este espacio, que culminan la remodelaci\u00f3n del n\u00facleo hist\u00f3rico del municipio.<\/p>\n<p>Durante la visita, la consejera ha destacado que &quot;las Zonas Comerciales Abiertas son mucho m\u00e1s que un conjunto de establecimientos. Son espacios de convivencia, de actividad econ\u00f3mica y de identidad para nuestros municipios, y por eso seguimos invirtiendo en mejorar su calidad urbana&quot;.<\/p>\n<p>Asimismo, Alonso ha subrayado que &quot;la renovaci\u00f3n del Mirador de La Esquina culmina un proceso de transformaci\u00f3n del n\u00facleo hist\u00f3rico de Artenara y recupera un espacio emblem\u00e1tico que conecta el casco del municipio con el paisaje de cumbres. Invertir en estos entornos supone tambi\u00e9n fortalecer el comercio local y generar nuevas oportunidades para los municipios de median\u00edas y cumbre&quot;.<\/p>\n<p>Por su parte, el alcalde de Artenara, Jes\u00fas D\u00edaz, ha agradecido la colaboraci\u00f3n institucional y ha se\u00f1alado que este proyecto &quot;permite seguir mejorando el casco hist\u00f3rico y ofrecer espacios p\u00fablicos de mayor calidad tanto a la poblaci\u00f3n residente como a quienes visitan el municipio, reforzando adem\u00e1s la actividad econ\u00f3mica vinculada al comercio y al turismo&quot;.<\/p>\n<p>El Mirador de La Esquina completa la remodelaci\u00f3n del casco hist\u00f3rico<\/p>\n<p>La mejora del Mirador de La Esquina ha supuesto una inversi\u00f3n de 60.000 euros, financiada con fondos propios del Cabildo de Gran Canaria, dentro de la estrategia insular para fortalecer las Zonas Comerciales Abiertas como espacios de dinamizaci\u00f3n econ\u00f3mica y social.<\/p>\n<p>La intervenci\u00f3n ha permitido mejorar la funcionalidad, la accesibilidad, la seguridad y la imagen de este enclave situado en pleno casco hist\u00f3rico de Artenara. Los trabajos han incluido la renovaci\u00f3n de los pavimentos, la sustituci\u00f3n de bordillos, la impermeabilizaci\u00f3n de las superficies afectadas, la renovaci\u00f3n del cerramiento perimetral y la instalaci\u00f3n de nuevas barandillas de aluminio y vidrio sobre una superficie total de 145,39 metros cuadrados. El resultado es un mirador renovado que conecta el n\u00facleo hist\u00f3rico del municipio con el paisaje de Cumbres y completa la remodelaci\u00f3n de este entorno urbano.<\/p>\n<p>Esta intervenci\u00f3n se suma al conjunto de inversiones impulsadas por el Cabildo en la Zona Comercial Abierta de Artenara durante los \u00faltimos a\u00f1os. En concreto, en 2019 se destinaron 12.500 euros al Plan Director del Casco Hist\u00f3rico, dentro del programa Transforma Gran Canaria. En 2022 se redact\u00f3 el proyecto b\u00e1sico y de ejecuci\u00f3n para la adecuaci\u00f3n del Mirador de La Esquina; posteriormente se ejecut\u00f3 esta intervenci\u00f3n, con una inversi\u00f3n de 60.000 euros financiada por el Cabildo de Gran Canaria. Y en 2023 se financiaron trabajos de mejora y cualificaci\u00f3n del \u00c1rea Comercial Abierta por importe de 710.625 euros, con cargo a los fondos europeos Next Generation.<\/p>\n<p>Estas actuaciones se enmarcan en la estrategia que desarrolla el Cabildo de Gran Canaria para modernizar las Zonas Comerciales Abiertas de la isla mediante la mejora del espacio urbano, la accesibilidad, la sostenibilidad y la calidad de los entornos comerciales, contribuyendo a reforzar la actividad econ\u00f3mica, el empleo y la cohesi\u00f3n territorial en todos los municipios.<\/p>\n","protected":false},"excerpt":{"rendered":"<p>Buenas tardes compa\u00f1eros\/as.El Cabildo destina m\u00e1s de 783.000 euros a la transformaci\u00f3n de la Zona Comercial Abierta de Artenara\u00a0Las actuaciones mejoran la accesibilidad, la seguridad y la calidad de los&hellip;<\/p>\n","protected":false},"author":1,"featured_media":2608,"comment_status":"open","ping_status":"open","sticky":false,"template":"","format":"standard","meta":{"wpai_generated_summary":"","wpai_meta_description":"","footnotes":""},"categories":[148],"tags":[],"class_list":["post-2595","post","type-post","status-publish","format-standard","has-post-thumbnail","hentry","category-cabildo-de-gran-canaria"],"_links":{"self":[{"href":"https:\/\/nublo.tv\/index.php\/wp-json\/wp\/v2\/posts\/2595","targetHints":{"allow":["GET"]}}],"collection":[{"href":"https:\/\/nublo.tv\/index.php\/wp-json\/wp\/v2\/posts"}],"about":[{"href":"https:\/\/nublo.tv\/index.php\/wp-json\/wp\/v2\/types\/post"}],"author":[{"embeddable":true,"href":"https:\/\/nublo.tv\/index.php\/wp-json\/wp\/v2\/users\/1"}],"replies":[{"embeddable":true,"href":"https:\/\/nublo.tv\/index.php\/wp-json\/wp\/v2\/comments?post=2595"}],"version-history":[{"count":1,"href":"https:\/\/nublo.tv\/index.php\/wp-json\/wp\/v2\/posts\/2595\/revisions"}],"predecessor-version":[{"id":2607,"href":"https:\/\/nublo.tv\/index.php\/wp-json\/wp\/v2\/posts\/2595\/revisions\/2607"}],"wp:featuredmedia":[{"embeddable":true,"href":"https:\/\/nublo.tv\/index.php\/wp-json\/wp\/v2\/media\/2608"}],"wp:attachment":[{"href":"https:\/\/nublo.tv\/index.php\/wp-json\/wp\/v2\/media?parent=2595"}],"wp:term":[{"taxonomy":"category","embeddable":true,"href":"https:\/\/nublo.tv\/index.php\/wp-json\/wp\/v2\/categories?post=2595"},{"taxonomy":"post_tag","embeddable":true,"href":"https:\/\/nublo.tv\/index.php\/wp-json\/wp\/v2\/tags?post=2595"}],"curies":[{"name":"wp","href":"https:\/\/api.w.org\/{rel}","templated":true}]}}