{"id":26,"date":"2026-08-04T17:35:23","date_gmt":"2026-08-04T16:35:23","guid":{"rendered":"https:\/\/nublo.tv\/?p=26"},"modified":"2026-08-04T17:35:23","modified_gmt":"2026-08-04T16:35:23","slug":"el-pleno-de-galdar-reclama-medidas-urgentes-ante-la-saturacion-de-las-urgencias-hospitalarias-en-gran-canaria","status":"publish","type":"post","link":"https:\/\/nublo.tv\/index.php\/2026\/08\/04\/el-pleno-de-galdar-reclama-medidas-urgentes-ante-la-saturacion-de-las-urgencias-hospitalarias-en-gran-canaria\/","title":{"rendered":"El Pleno de G\u00e1ldar reclama medidas urgentes ante la saturaci\u00f3n de las Urgencias hospitalarias en Gran Canaria"},"content":{"rendered":"<p>El Pleno del Ayuntamiento de G\u00e1ldar aprob\u00f3 por unanimidad, en su sesi\u00f3n correspondiente al mes de julio, una moci\u00f3n institucional para solicitar al Gobierno de Canarias la adopci\u00f3n de medidas urgentes que permitan hacer frente a la situaci\u00f3n de saturaci\u00f3n que soportan los servicios de Urgencias de los hospitales p\u00fablicos de referencia de Gran Canaria. El acuerdo expresa adem\u00e1s el reconocimiento de la Corporaci\u00f3n al esfuerzo que realizan diariamente los profesionales sanitarios y no sanitarios en un contexto de elevada presi\u00f3n asistencial.<\/p>\n<p>La iniciativa, defendida por el concejal del PSOE, Francisco Hern\u00e1ndez, insta a la Consejer\u00eda de Sanidad y Pol\u00edtica Social a elaborar un plan integral de atenci\u00f3n social y sanitaria que incluya actuaciones para mejorar las Urgencias hospitalarias, reforzar las plantillas, incrementar la capacidad de hospitalizaci\u00f3n, agilizar los ingresos, reducir los tiempos de espera y planificar nuevas inversiones en infraestructuras y recursos humanos acordes con las necesidades actuales y futuras de la poblaci\u00f3n.<\/p>\n<p>Asimismo, el Pleno solicita reforzar la Atenci\u00f3n Primaria, la atenci\u00f3n domiciliaria y los dispositivos de atenci\u00f3n continuada para aliviar la presi\u00f3n sobre las Urgencias, publicar de forma peri\u00f3dica indicadores que permitan conocer la evoluci\u00f3n de la situaci\u00f3n y adoptar las medidas legales oportunas ante los casos de abandono de personas con alta m\u00e9dica que contin\u00faan ocupando camas hospitalarias por falta de recursos sociosanitarios.<\/p>\n<p>Asimismo, el Pleno aprob\u00f3 una moci\u00f3n del grupo mixto Unidos por Gran Canaria para la adopci\u00f3n de medidas urgentes ante la proliferaci\u00f3n de serpientes (culebra real de California) y una aprobaci\u00f3n inicial de la modificaci\u00f3n menor del Plan General de Ordenaci\u00f3n de G\u00e1ldar en el \u00e1mbito del Asentamiento Rural de Los Lomos. <\/p>\n","protected":false},"excerpt":{"rendered":"<p>El Pleno del Ayuntamiento de G\u00e1ldar aprob\u00f3 por unanimidad, en su sesi\u00f3n correspondiente al mes de julio, una moci\u00f3n institucional para solicitar al Gobierno de Canarias la adopci\u00f3n de medidas&hellip;<\/p>\n","protected":false},"author":2,"featured_media":29,"comment_status":"open","ping_status":"open","sticky":false,"template":"","format":"standard","meta":{"wpai_generated_summary":"","wpai_meta_description":"","footnotes":""},"categories":[129],"tags":[],"class_list":["post-26","post","type-post","status-publish","format-standard","has-post-thumbnail","hentry","category-ayuntamiento-de-galdar"],"_links":{"self":[{"href":"https:\/\/nublo.tv\/index.php\/wp-json\/wp\/v2\/posts\/26","targetHints":{"allow":["GET"]}}],"collection":[{"href":"https:\/\/nublo.tv\/index.php\/wp-json\/wp\/v2\/posts"}],"about":[{"href":"https:\/\/nublo.tv\/index.php\/wp-json\/wp\/v2\/types\/post"}],"author":[{"embeddable":true,"href":"https:\/\/nublo.tv\/index.php\/wp-json\/wp\/v2\/users\/2"}],"replies":[{"embeddable":true,"href":"https:\/\/nublo.tv\/index.php\/wp-json\/wp\/v2\/comments?post=26"}],"version-history":[{"count":1,"href":"https:\/\/nublo.tv\/index.php\/wp-json\/wp\/v2\/posts\/26\/revisions"}],"predecessor-version":[{"id":508,"href":"https:\/\/nublo.tv\/index.php\/wp-json\/wp\/v2\/posts\/26\/revisions\/508"}],"wp:featuredmedia":[{"embeddable":true,"href":"https:\/\/nublo.tv\/index.php\/wp-json\/wp\/v2\/media\/29"}],"wp:attachment":[{"href":"https:\/\/nublo.tv\/index.php\/wp-json\/wp\/v2\/media?parent=26"}],"wp:term":[{"taxonomy":"category","embeddable":true,"href":"https:\/\/nublo.tv\/index.php\/wp-json\/wp\/v2\/categories?post=26"},{"taxonomy":"post_tag","embeddable":true,"href":"https:\/\/nublo.tv\/index.php\/wp-json\/wp\/v2\/tags?post=26"}],"curies":[{"name":"wp","href":"https:\/\/api.w.org\/{rel}","templated":true}]}}