{"id":2617,"date":"2026-08-07T15:00:46","date_gmt":"2026-08-07T14:00:46","guid":{"rendered":"https:\/\/nublo.tv\/?p=2617"},"modified":"2026-08-07T15:00:46","modified_gmt":"2026-08-07T14:00:46","slug":"los-trabajos-de-asfaltado-en-el-barrio-de-alcaravaneras-continuan-la-proxima-semana-en-las-calles-luis-antunez-y-menendez-y-pelayo","status":"publish","type":"post","link":"https:\/\/nublo.tv\/index.php\/2026\/08\/07\/los-trabajos-de-asfaltado-en-el-barrio-de-alcaravaneras-continuan-la-proxima-semana-en-las-calles-luis-antunez-y-menendez-y-pelayo\/","title":{"rendered":"Los trabajos de asfaltado en el barrio de Alcaravaneras contin\u00faan la pr\u00f3xima semana en las calles Luis Ant\u00fanez y Men\u00e9ndez y Pelayo"},"content":{"rendered":"<p>Las labores se desarrollar\u00e1n en las calles Luis Ant\u00fanez y Men\u00e9ndez y Pelayo a partir del lunes, en horario diurno, de 7:00 a 19:00 horas, y conllevar\u00e1n cortes din\u00e1micos de tr\u00e1fico en distintas calles del barrio<br \/>\nLas Palmas de Gran Canaria, 6 de agosto de 2026. El Ayuntamiento de Las Palmas de Gran Canaria, a trav\u00e9s de la Concejal\u00eda de V\u00edas y Obras y Alumbrado, continuar\u00e1 durante la pr\u00f3xima semana los trabajos de repavimentaci\u00f3n de calzadas en el barrio de Alcaravaneras, dentro del proyecto de mejora del firme que se est\u00e1 desarrollando en esta zona de la ciudad.<br \/>\nLas labores se realizar\u00e1n en horario diurno, de 7:00 a 19:00 horas, y conllevar\u00e1n cortes din\u00e1micos de tr\u00e1fico en los tramos afectados, que se ir\u00e1n adaptando al avance y rendimiento de los trabajos. Asimismo, se mantendr\u00e1n las ocupaciones de la v\u00eda que resulten necesarias para completar la se\u00f1alizaci\u00f3n horizontal.<br \/>\nLa programaci\u00f3n prevista para la pr\u00f3xima semana contempla la continuaci\u00f3n de los trabajos en las calles Luis Ant\u00fanez y Men\u00e9ndez y Pelayo.<br \/>\nComo explica el concejal del \u00e1rea, Carlos D\u00edaz, estas actuaciones forman parte del proyecto de repavimentaci\u00f3n que el Ayuntamiento est\u00e1 desarrollando en Alcaravaneras para renovar las v\u00edas, mejorar las condiciones de circulaci\u00f3n y seguir modernizando el viario del barrio.<br \/>\nAsimismo, esta intervenci\u00f3n se integra en una actuaci\u00f3n m\u00e1s amplia que incluye tambi\u00e9n los trabajos ya finalizados en Escaleritas y Guanarteme, con una inversi\u00f3n global de 2,89 millones de euros destinada a la mejora de calles y espacios viarios en distintos puntos de la ciudad.<br \/>\nEl Plan de Asfaltado 2024-2031 permitir\u00e1 actuar en 474 calles del municipio, con una inversi\u00f3n de 40 millones de euros, con el objetivo de seguir modernizando la red viaria y mejorar las condiciones de circulaci\u00f3n en los distintos barrios de la ciudad.<\/p>\n","protected":false},"excerpt":{"rendered":"<p>El Ayuntamiento de Las Palmas de Gran Canaria, a trav\u00e9s de la Concejal\u00eda de V\u00edas y Obras y Alumbrado, continuar\u00e1 durante la pr\u00f3xima semana los trabajos de repavimentaci\u00f3n de calzadas&hellip;<\/p>\n","protected":false},"author":1,"featured_media":2618,"comment_status":"open","ping_status":"open","sticky":false,"template":"","format":"standard","meta":{"wpai_generated_summary":"","wpai_meta_description":"","footnotes":""},"categories":[132],"tags":[],"class_list":["post-2617","post","type-post","status-publish","format-standard","has-post-thumbnail","hentry","category-ayuntamiento-de-las-palmas-de-gran-canaria"],"_links":{"self":[{"href":"https:\/\/nublo.tv\/index.php\/wp-json\/wp\/v2\/posts\/2617","targetHints":{"allow":["GET"]}}],"collection":[{"href":"https:\/\/nublo.tv\/index.php\/wp-json\/wp\/v2\/posts"}],"about":[{"href":"https:\/\/nublo.tv\/index.php\/wp-json\/wp\/v2\/types\/post"}],"author":[{"embeddable":true,"href":"https:\/\/nublo.tv\/index.php\/wp-json\/wp\/v2\/users\/1"}],"replies":[{"embeddable":true,"href":"https:\/\/nublo.tv\/index.php\/wp-json\/wp\/v2\/comments?post=2617"}],"version-history":[{"count":1,"href":"https:\/\/nublo.tv\/index.php\/wp-json\/wp\/v2\/posts\/2617\/revisions"}],"predecessor-version":[{"id":2624,"href":"https:\/\/nublo.tv\/index.php\/wp-json\/wp\/v2\/posts\/2617\/revisions\/2624"}],"wp:featuredmedia":[{"embeddable":true,"href":"https:\/\/nublo.tv\/index.php\/wp-json\/wp\/v2\/media\/2618"}],"wp:attachment":[{"href":"https:\/\/nublo.tv\/index.php\/wp-json\/wp\/v2\/media?parent=2617"}],"wp:term":[{"taxonomy":"category","embeddable":true,"href":"https:\/\/nublo.tv\/index.php\/wp-json\/wp\/v2\/categories?post=2617"},{"taxonomy":"post_tag","embeddable":true,"href":"https:\/\/nublo.tv\/index.php\/wp-json\/wp\/v2\/tags?post=2617"}],"curies":[{"name":"wp","href":"https:\/\/api.w.org\/{rel}","templated":true}]}}