{"id":2629,"date":"2026-08-07T15:44:51","date_gmt":"2026-08-07T14:44:51","guid":{"rendered":"http:\/\/nublo.tv\/?p=2629"},"modified":"2026-08-27T12:35:26","modified_gmt":"2026-08-27T11:35:26","slug":"el-tribunal-superior-de-justicia-de-canarias-solo-anula-un-acuerdo-plenario-pero-no-niega-la-compatibilidad-del-concejal-alejandro-rivero","status":"publish","type":"post","link":"https:\/\/nublo.tv\/index.php\/2026\/08\/07\/el-tribunal-superior-de-justicia-de-canarias-solo-anula-un-acuerdo-plenario-pero-no-niega-la-compatibilidad-del-concejal-alejandro-rivero\/","title":{"rendered":"El Tribunal Superior de Justicia de Canarias s\u00f3lo anula un acuerdo plenario pero no niega la compatibilidad del concejal Alejandro Rivero"},"content":{"rendered":"<p>\u25cf La sentencia s\u00f3lo exige un expediente m\u00e1s completo que el Ayuntamiento de Gu\u00eda ya ha comenzado a tramitar<\/p>\n<p>El Ayuntamiento de Gu\u00eda informa que el Tribunal Superior de Justicia de Canarias (TSJC) no niega la compatibilidad del concejal de Pol\u00edtica Social y Educaci\u00f3n, Alejandro Rivero, para el ejercicio de su actividad profesional privada, s\u00f3lo anula el acuerdo plenario por el que se concedi\u00f3 porque considera insuficiente el expediente que se llev\u00f3 al Pleno para su aprobaci\u00f3n. El TSJC no cierra la puerta a la compatibilidad sino que exige un expediente m\u00e1s completo.<\/p>\n<p>La sentencia considera que el expediente tramitado ten\u00eda que haber incorporado una mayor concreci\u00f3n y lo que anula es el acuerdo plenario de octubre de 2024, no la declaraci\u00f3n jur\u00eddica de una nueva declaraci\u00f3n de compatibilidad.<\/p>\n<p>A la vista de ello, el Ayuntamiento proceder\u00e1 ahora, con pleno respeto a la resoluci\u00f3n judicial, a tramitar un nuevo expediente completo y actualizado, incorporando la documentaci\u00f3n e informes que la propia sentencia considera relevantes para adecuar la compatibilidad a los criterios fijados por el Tribunal Superior de Justicia de Canarias.<\/p>\n<p>Asimismo, desde el Ayuntamiento se recuerda que el procedimiento seguido para la declaraci\u00f3n de esta compatibilidad y el expediente llevado a Pleno es el mismo que se viene aplicando de forma continuada para las compatibilidades reconocidas tanto a miembros de la actual Corporaci\u00f3n municipal como de Corporaciones anteriores, incluidas las de responsables p\u00fablicos pertenecientes al grupo pol\u00edtico que ahora ha promovido esta impugnaci\u00f3n.<\/p>\n<p>La sentencia tampoco contiene pronunciamiento alguno que ordene la devoluci\u00f3n de retribuciones o cantidades percibidas por el concejal, ni anula su r\u00e9gimen de dedicaci\u00f3n parcial, una cuesti\u00f3n que no constituye el objeto de este procedimiento.<\/p>\n<p>Por su parte, Alejandro Rivero ha se\u00f1alado que \u00abfrente a los que decidieron hacer de la pol\u00edtica su profesi\u00f3n, viven de ella desde hace d\u00e9cadas y quieren mantenerse en la poltrona contra viento y marea, yo decid\u00ed mantener mi actividad profesional como fisioterapeuta, aut\u00f3nomo, consciente de que mi paso por la pol\u00edtica ser\u00e1 transitorio\u00bb. Asimismo, ha subrayado que, a partir de este momento, \u00abse aclarar\u00e1n los aspectos jur\u00eddicos pendientes\u00bb, dejando claro que \u00abno se ha hecho nada irregular, se ha actuado en este asunto como se ven\u00eda haciendo desde hace m\u00e1s de dos d\u00e9cadas\u00bb.<\/p>\n","protected":false},"excerpt":{"rendered":"<p>\u25cf La sentencia s\u00f3lo exige un expediente m\u00e1s completo que el Ayuntamiento de Gu\u00eda ya ha comenzado a tramitar El Ayuntamiento de Gu\u00eda informa que el Tribunal Superior de Justicia&hellip;<\/p>\n","protected":false},"author":1,"featured_media":2630,"comment_status":"open","ping_status":"open","sticky":false,"template":"","format":"standard","meta":{"wpai_generated_summary":"","wpai_meta_description":"","footnotes":""},"categories":[138],"tags":[],"class_list":["post-2629","post","type-post","status-publish","format-standard","has-post-thumbnail","hentry","category-ayuntamiento-de-santa-maria-de-guia"],"_links":{"self":[{"href":"https:\/\/nublo.tv\/index.php\/wp-json\/wp\/v2\/posts\/2629","targetHints":{"allow":["GET"]}}],"collection":[{"href":"https:\/\/nublo.tv\/index.php\/wp-json\/wp\/v2\/posts"}],"about":[{"href":"https:\/\/nublo.tv\/index.php\/wp-json\/wp\/v2\/types\/post"}],"author":[{"embeddable":true,"href":"https:\/\/nublo.tv\/index.php\/wp-json\/wp\/v2\/users\/1"}],"replies":[{"embeddable":true,"href":"https:\/\/nublo.tv\/index.php\/wp-json\/wp\/v2\/comments?post=2629"}],"version-history":[{"count":1,"href":"https:\/\/nublo.tv\/index.php\/wp-json\/wp\/v2\/posts\/2629\/revisions"}],"predecessor-version":[{"id":2631,"href":"https:\/\/nublo.tv\/index.php\/wp-json\/wp\/v2\/posts\/2629\/revisions\/2631"}],"wp:featuredmedia":[{"embeddable":true,"href":"https:\/\/nublo.tv\/index.php\/wp-json\/wp\/v2\/media\/2630"}],"wp:attachment":[{"href":"https:\/\/nublo.tv\/index.php\/wp-json\/wp\/v2\/media?parent=2629"}],"wp:term":[{"taxonomy":"category","embeddable":true,"href":"https:\/\/nublo.tv\/index.php\/wp-json\/wp\/v2\/categories?post=2629"},{"taxonomy":"post_tag","embeddable":true,"href":"https:\/\/nublo.tv\/index.php\/wp-json\/wp\/v2\/tags?post=2629"}],"curies":[{"name":"wp","href":"https:\/\/api.w.org\/{rel}","templated":true}]}}