{"id":264,"date":"2026-08-04T17:35:23","date_gmt":"2026-08-04T16:35:23","guid":{"rendered":"https:\/\/nublo.tv\/?p=264"},"modified":"2026-08-04T17:35:23","modified_gmt":"2026-08-04T16:35:23","slug":"telde-arropa-al-rocasa-gran-canaria-en-el-inicio-de-una-nueva-temporada-para-sonar-en-espana-y-europa","status":"publish","type":"post","link":"https:\/\/nublo.tv\/index.php\/2026\/08\/04\/telde-arropa-al-rocasa-gran-canaria-en-el-inicio-de-una-nueva-temporada-para-sonar-en-espana-y-europa\/","title":{"rendered":"Telde arropa al Rocasa Gran Canaria en el inicio de una nueva temporada para so\u00f1ar en Espa\u00f1a y Europa"},"content":{"rendered":"<p align=\"justify\"><strong>Telde, a 30 de Julio de 2026.-<\/strong> El Rocasa Gran Canaria inici\u00f3 en la tarde de este mi\u00e9rcoles su pretemporada con la primera sesi\u00f3n de entrenamiento de cara a una campa\u00f1a que volver\u00e1 a situar el nombre de Telde en la \u00e9lite del balonmano nacional e internacional. Hasta el pabell\u00f3n se desplazaron el alcalde de la ciudad, Juan Antonio Pe\u00f1a, y el concejal de Actividad F\u00edsica y Deportes, Cristhian Santana, quienes quisieron acompa\u00f1ar personalmente a la plantilla, al cuerpo t\u00e9cnico y a la directiva en este simb\u00f3lico comienzo de una nueva temporada.<\/p>\n<p align=\"justify\">Junto a ellos estuvo Antonio Moreno, presidente del Club Balonmano Remudas Isla de Gran Canaria \u2013 Rocasa Gran Canaria, entidad que dirige desde hace a\u00f1os y que se ha convertido en una referencia del deporte femenino espa\u00f1ol gracias a una gesti\u00f3n que ha llevado al equipo a conquistar t\u00edtulos nacionales y a consolidarse como uno de los clubes m\u00e1s prestigiosos del pa\u00eds. La representaci\u00f3n municipal comparti\u00f3 la tarde con las jugadoras, el cuerpo t\u00e9cnico y el resto del personal del club, interes\u00e1ndose por la planificaci\u00f3n de la temporada y trasladando el apoyo institucional de la ciudad.<\/p>\n<p align=\"justify\">El inicio de los entrenamientos supone el primer paso de un nuevo curso deportivo en el que el Rocasa volver\u00e1 a competir por los principales t\u00edtulos nacionales y afrontar\u00e1 adem\u00e1s su regreso a las competiciones europeas, llevando una vez m\u00e1s el nombre de Telde por diferentes pa\u00edses del continente.<\/p>\n<p align=\"justify\">Durante el encuentro, el alcalde dirigi\u00f3 unas palabras a la plantilla, dese\u00e1ndoles una temporada llena de \u00e9xitos, tanto en el plano colectivo como en el individual. <strong>\u00abDeseo que esta temporada se cumplan todos sus sue\u00f1os, los del equipo y tambi\u00e9n los personales de cada una de ustedes. Detr\u00e1s de cada entrenamiento hay esfuerzo, sacrificio y muchas horas de trabajo que merecen verse recompensadas.\u00bb<\/strong><\/p>\n<p align=\"justify\">Juan Antonio Pe\u00f1a destac\u00f3 adem\u00e1s el papel que desempe\u00f1a el Rocasa como uno de los principales embajadores de Telde. <strong>\u00abUstedes representan a esta ciudad all\u00ed donde compiten. Son nuestras embajadoras dentro y fuera de Espa\u00f1a y hacen que el nombre de Telde viaje por toda Europa. Quiero que sientan el respaldo de toda una ciudad que est\u00e1 orgullosa de ustedes y que las acompa\u00f1a en cada partido.\u00bb<\/strong><\/p>\n<p align=\"justify\">El primer edil puso en valor la dimensi\u00f3n social que ha alcanzado el conjunto teldense a lo largo de los a\u00f1os, subrayando que su influencia trasciende el propio \u00e1mbito deportivo. <strong>\u00abHan conseguido algo muy dif\u00edcil: unir a una ciudad. No solo emocionan a quienes siguen el balonmano cada fin de semana. Tambi\u00e9n despiertan el cari\u00f1o y la admiraci\u00f3n de muchas personas que quiz\u00e1s no conocen este deporte o incluso no sabr\u00edan decir el nombre de todas las jugadoras, pero que sienten el Rocasa como algo propio. Esa capacidad de unir a un municipio entero es uno de los mayores triunfos que puede alcanzar un club.\u00bb<\/strong><\/p>\n<p align=\"justify\">El alcalde record\u00f3 que el Gobierno municipal mantiene su compromiso de continuar mejorando las instalaciones deportivas para que el club disponga de los mejores recursos posibles. <strong>\u00abSeguiremos trabajando para mejorar las infraestructuras deportivas del municipio. Lo haremos desde la colaboraci\u00f3n institucional, de la mano del Cabildo de Gran Canaria y del Gobierno de Canarias, porque el Rocasa merece unas instalaciones acordes a su historia, a sus \u00e9xitos y al prestigio que proyecta para Telde.\u00bb<\/strong><\/p>\n<p align=\"justify\">Por su parte, el concejal de Actividad F\u00edsica y Deportes, Cristhian Santana, destac\u00f3 que el inicio de la pretemporada representa tambi\u00e9n el comienzo de una nueva ilusi\u00f3n para toda la ciudad. <strong>\u00abCada temporada que arranca es una oportunidad para seguir haciendo historia. El Rocasa lleva muchos a\u00f1os demostrando que el trabajo, la constancia y el compromiso son el mejor camino hacia el \u00e9xito. Desde el Ayuntamiento estaremos a su lado durante todo el a\u00f1o, porque hablamos de un club que representa como pocos los valores del deporte, del esfuerzo colectivo y de la igualdad.\u00bb<\/strong><\/p>\n<p align=\"justify\">Santana a\u00f1adi\u00f3 que el Rocasa constituye uno de los grandes referentes deportivos de Canarias y un ejemplo para cientos de ni\u00f1as y j\u00f3venes que encuentran en sus jugadoras un modelo de dedicaci\u00f3n, superaci\u00f3n y compromiso.<\/p>\n<p align=\"justify\">Con el primer entrenamiento comienza una exigente pretemporada en la que el cuerpo t\u00e9cnico trabajar\u00e1 la preparaci\u00f3n f\u00edsica, t\u00e1ctica y t\u00e9cnica del equipo antes del inicio oficial de las competiciones. El objetivo volver\u00e1 a ser competir al m\u00e1ximo nivel en todas las competiciones, defender el prestigio alcanzado durante las \u00faltimas temporadas y continuar engrandeciendo el nombre de Telde.<\/p>\n<p align=\"justify\">El Ayuntamiento de Telde quiso trasladar a toda la familia del Rocasa Gran Canaria sus mejores deseos para una temporada que vuelve a ilusionar a una ciudad acostumbrada a celebrar los \u00e9xitos de un club que, desde hace d\u00e9cadas, ha convertido el deporte femenino en uno de los grandes s\u00edmbolos de identidad del municipio. Con cada entrenamiento, con cada desplazamiento y con cada partido, el Rocasa no solo defiende un escudo: lleva consigo el nombre, el orgullo y el sentimiento de toda Telde.<\/p>\n","protected":false},"excerpt":{"rendered":"<p>Telde, a 30 de Julio de 2026.- El Rocasa Gran Canaria inici\u00f3 en la tarde de este mi\u00e9rcoles su pretemporada con la primera sesi\u00f3n de entrenamiento de cara a una&hellip;<\/p>\n","protected":false},"author":20,"featured_media":265,"comment_status":"open","ping_status":"open","sticky":false,"template":"","format":"standard","meta":{"wpai_generated_summary":"","wpai_meta_description":"","footnotes":""},"categories":[140],"tags":[],"class_list":["post-264","post","type-post","status-publish","format-standard","has-post-thumbnail","hentry","category-ayuntamiento-de-telde"],"_links":{"self":[{"href":"https:\/\/nublo.tv\/index.php\/wp-json\/wp\/v2\/posts\/264","targetHints":{"allow":["GET"]}}],"collection":[{"href":"https:\/\/nublo.tv\/index.php\/wp-json\/wp\/v2\/posts"}],"about":[{"href":"https:\/\/nublo.tv\/index.php\/wp-json\/wp\/v2\/types\/post"}],"author":[{"embeddable":true,"href":"https:\/\/nublo.tv\/index.php\/wp-json\/wp\/v2\/users\/20"}],"replies":[{"embeddable":true,"href":"https:\/\/nublo.tv\/index.php\/wp-json\/wp\/v2\/comments?post=264"}],"version-history":[{"count":1,"href":"https:\/\/nublo.tv\/index.php\/wp-json\/wp\/v2\/posts\/264\/revisions"}],"predecessor-version":[{"id":514,"href":"https:\/\/nublo.tv\/index.php\/wp-json\/wp\/v2\/posts\/264\/revisions\/514"}],"wp:featuredmedia":[{"embeddable":true,"href":"https:\/\/nublo.tv\/index.php\/wp-json\/wp\/v2\/media\/265"}],"wp:attachment":[{"href":"https:\/\/nublo.tv\/index.php\/wp-json\/wp\/v2\/media?parent=264"}],"wp:term":[{"taxonomy":"category","embeddable":true,"href":"https:\/\/nublo.tv\/index.php\/wp-json\/wp\/v2\/categories?post=264"},{"taxonomy":"post_tag","embeddable":true,"href":"https:\/\/nublo.tv\/index.php\/wp-json\/wp\/v2\/tags?post=264"}],"curies":[{"name":"wp","href":"https:\/\/api.w.org\/{rel}","templated":true}]}}