{"id":2676,"date":"2026-08-07T19:21:14","date_gmt":"2026-08-07T18:21:14","guid":{"rendered":"https:\/\/nublo.tv\/?p=2676"},"modified":"2026-08-27T12:35:26","modified_gmt":"2026-08-27T11:35:26","slug":"la-fundacion-puertos-de-las-palmas-y-la-federacion-de-vela-latina-canaria-de-botes-consolidan-su-curso-de-verano-con-mas-de-50-participantes-cada-semana","status":"publish","type":"post","link":"https:\/\/nublo.tv\/index.php\/2026\/08\/07\/la-fundacion-puertos-de-las-palmas-y-la-federacion-de-vela-latina-canaria-de-botes-consolidan-su-curso-de-verano-con-mas-de-50-participantes-cada-semana\/","title":{"rendered":"La Fundaci\u00f3n Puertos de Las Palmas y la Federaci\u00f3n de Vela Latina Canaria de Botes consolidan su curso de verano con m\u00e1s de 50 participantes cada semana"},"content":{"rendered":"<div class=\"feed-description\">\n<p><img decoding=\"async\" src=\"https:\/\/federacionvelalatinadebotes.com\/images\/noticias\/INICIO_CAMPUS_DE_VELA_web.jpg\" \/><\/p>\n<div style=\"margin-top: 0cm;margin-right: 0cm;margin-bottom: 0cm;font-family: Aptos, Aptos_EmbeddedFont, Aptos_MSFontService, Calibri, Helvetica, sans-serif;font-size: 12pt\"><i>La segunda edici&oacute;n del programa re&uacute;ne durante todo el mes de agosto a ni&ntilde;os y j&oacute;venes para descubrir uno de los deportes m&aacute;s representativos del patrimonio mar&iacute;timo canario<\/i><\/div>\n<div style=\"margin-top: 0cm;margin-right: 0cm;margin-bottom: 0cm;font-family: Aptos, Aptos_EmbeddedFont, Aptos_MSFontService, Calibri, Helvetica, sans-serif;font-size: 12pt\"><i>&nbsp;<\/i><span style=\"font-size: 12pt\"><\/span><\/div>\n<div style=\"margin-top: 0cm;margin-right: 0cm;margin-bottom: 0cm;font-family: Aptos, Aptos_EmbeddedFont, Aptos_MSFontService, Calibri, Helvetica, sans-serif;font-size: 12pt\">La Fundaci&oacute;n Puertos de Las Palmas y la Federaci&oacute;n de Vela Latina Canaria de Botes han dado comienzo a la segunda edici&oacute;n del Curso de Iniciaci&oacute;n a la Vela Latina Canaria de Botes Fundaci&oacute;n Puertos de Las Palmas, una iniciativa que, tras el &eacute;xito alcanzado el pasado verano, se consolida con una excelente respuesta de las familias y m&aacute;s de 50 ni&ntilde;os y ni&ntilde;as participando cada semana en las instalaciones de la Federaci&oacute;n, en el Muelle Deportivo de Las Palmas de Gran Canaria.<\/div>\n<div style=\"margin-top: 0cm;margin-right: 0cm;margin-bottom: 0cm;font-family: Aptos, Aptos_EmbeddedFont, Aptos_MSFontService, Calibri, Helvetica, sans-serif;font-size: 12pt\">&nbsp;<\/div>\n<div style=\"margin-top: 0cm;margin-right: 0cm;margin-bottom: 0cm;font-family: Aptos, Aptos_EmbeddedFont, Aptos_MSFontService, Calibri, Helvetica, sans-serif;font-size: 12pt\">El programa, que se desarrolla durante todo el mes de agosto, vuelve a convertirse en una oportunidad para que los m&aacute;s j&oacute;venes conozcan y practiquen uno de los deportes tradicionales m&aacute;s emblem&aacute;ticos de Canarias, al tiempo que descubren el entorno mar&iacute;timo-portuario y la estrecha vinculaci&oacute;n hist&oacute;rica entre la Vela Latina Canaria y el Puerto de La Luz.<\/div>\n<div style=\"margin-top: 0cm;margin-right: 0cm;margin-bottom: 0cm;font-family: Aptos, Aptos_EmbeddedFont, Aptos_MSFontService, Calibri, Helvetica, sans-serif;font-size: 12pt\">&nbsp;<\/div>\n<div style=\"margin-top: 0cm;margin-right: 0cm;margin-bottom: 0cm;font-family: Aptos, Aptos_EmbeddedFont, Aptos_MSFontService, Calibri, Helvetica, sans-serif;font-size: 12pt\">La presidenta de la Fundaci&oacute;n Puertos de Las Palmas, Beatriz Calzada, destac&oacute; que la continuidad del proyecto demuestra el inter&eacute;s creciente por este tipo de iniciativas.<\/div>\n<div style=\"margin-top: 0cm;margin-right: 0cm;margin-bottom: 0cm;font-family: Aptos, Aptos_EmbeddedFont, Aptos_MSFontService, Calibri, Helvetica, sans-serif;font-size: 12pt\">&nbsp;<\/div>\n<div style=\"margin-top: 0cm;margin-right: 0cm;margin-bottom: 0cm;font-family: Aptos, Aptos_EmbeddedFont, Aptos_MSFontService, Calibri, Helvetica, sans-serif;font-size: 12pt\">\u00abLa magn&iacute;fica acogida que vuelve a tener este curso confirma que estamos contribuyendo a acercar nuestro patrimonio mar&iacute;timo a las nuevas generaciones. La Vela Latina Canaria forma parte de nuestra identidad y, a trav&eacute;s de este programa, los ni&ntilde;os y ni&ntilde;as no solo aprenden a navegar, sino que descubren la importancia del puerto y del mar en la historia y el desarrollo de nuestra tierra\u00bb.<\/div>\n<div style=\"margin-top: 0cm;margin-right: 0cm;margin-bottom: 0cm;font-family: Aptos, Aptos_EmbeddedFont, Aptos_MSFontService, Calibri, Helvetica, sans-serif;font-size: 12pt\">&nbsp;<\/div>\n<div style=\"margin-top: 0cm;margin-right: 0cm;margin-bottom: 0cm;font-family: Aptos, Aptos_EmbeddedFont, Aptos_MSFontService, Calibri, Helvetica, sans-serif;font-size: 12pt\">Dirigido a participantes de entre 8 y 16 a&ntilde;os, el curso combina formaci&oacute;n te&oacute;rica y pr&aacute;ctica con actividades dise&ntilde;adas para fomentar el aprendizaje de una forma din&aacute;mica. A lo largo de las distintas jornadas, los alumnos conocen los fundamentos de la navegaci&oacute;n en Vela Latina Canaria, participan en talleres y juegos relacionados con el medio marino y descubren aspectos vinculados a la historia y la cultura portuaria.<\/div>\n<div>&nbsp;<\/div>\n<div style=\"margin-top: 0cm;margin-right: 0cm;margin-bottom: 0cm;font-family: Aptos, Aptos_EmbeddedFont, Aptos_MSFontService, Calibri, Helvetica, sans-serif;font-size: 12pt\">Adem&aacute;s de la pr&aacute;ctica deportiva, esta segunda edici&oacute;n mantiene las novedades incorporadas este a&ntilde;o, entre ellas la organizaci&oacute;n de grupos por edades para favorecer un aprendizaje m&aacute;s personalizado, el refuerzo del equipo de monitores y la celebraci&oacute;n del D&iacute;a de las Familias, una jornada pensada para que padres, madres y familiares compartan la experiencia junto a los participantes.<\/div>\n<div style=\"margin-top: 0cm;margin-right: 0cm;margin-bottom: 0cm;font-family: Aptos, Aptos_EmbeddedFont, Aptos_MSFontService, Calibri, Helvetica, sans-serif;font-size: 12pt\">&nbsp;<\/div>\n<div style=\"margin-top: 0cm;margin-right: 0cm;margin-bottom: 0cm;font-family: Aptos, Aptos_EmbeddedFont, Aptos_MSFontService, Calibri, Helvetica, sans-serif;font-size: 12pt\">El &eacute;xito de participaci&oacute;n registrado tanto en la primera edici&oacute;n como en esta nueva convocatoria consolida este curso como una de las principales iniciativas estivales impulsadas por la Fundaci&oacute;n Puertos de Las Palmas para acercar el patrimonio mar&iacute;timo-portuario a la infancia y la juventud.<\/div>\n<div style=\"margin-top: 0cm;margin-right: 0cm;margin-bottom: 0cm;font-family: Aptos, Aptos_EmbeddedFont, Aptos_MSFontService, Calibri, Helvetica, sans-serif;font-size: 12pt\">&nbsp;<\/div>\n<div style=\"margin-top: 0cm;margin-right: 0cm;margin-bottom: 0cm;font-family: Aptos, Aptos_EmbeddedFont, Aptos_MSFontService, Calibri, Helvetica, sans-serif;font-size: 12pt\">A trav&eacute;s de este proyecto, la Fundaci&oacute;n Puertos de Las Palmas y la Federaci&oacute;n de Vela Latina Canaria de Botes contin&uacute;an promoviendo el conocimiento de este deporte vern&aacute;culo, fomentando valores como el trabajo en equipo, el respeto, el esfuerzo y el arraigo a las tradiciones, al tiempo que contribuyen a fortalecer el v&iacute;nculo entre el puerto y la sociedad desde edades tempranas.<\/div>\n<\/div>\n","protected":false},"excerpt":{"rendered":"<p>La segunda edici&oacute;n del programa re&uacute;ne durante todo el mes de agosto a ni&ntilde;os y j&oacute;venes para descubrir uno de los deportes m&aacute;s representativos del patrimonio mar&iacute;timo canario &nbsp; La&hellip;<\/p>\n","protected":false},"author":1,"featured_media":2677,"comment_status":"open","ping_status":"open","sticky":false,"template":"","format":"standard","meta":{"wpai_generated_summary":"","wpai_meta_description":"","footnotes":""},"categories":[122],"tags":[],"class_list":["post-2676","post","type-post","status-publish","format-standard","has-post-thumbnail","hentry","category-deportes"],"_links":{"self":[{"href":"https:\/\/nublo.tv\/index.php\/wp-json\/wp\/v2\/posts\/2676","targetHints":{"allow":["GET"]}}],"collection":[{"href":"https:\/\/nublo.tv\/index.php\/wp-json\/wp\/v2\/posts"}],"about":[{"href":"https:\/\/nublo.tv\/index.php\/wp-json\/wp\/v2\/types\/post"}],"author":[{"embeddable":true,"href":"https:\/\/nublo.tv\/index.php\/wp-json\/wp\/v2\/users\/1"}],"replies":[{"embeddable":true,"href":"https:\/\/nublo.tv\/index.php\/wp-json\/wp\/v2\/comments?post=2676"}],"version-history":[{"count":1,"href":"https:\/\/nublo.tv\/index.php\/wp-json\/wp\/v2\/posts\/2676\/revisions"}],"predecessor-version":[{"id":2678,"href":"https:\/\/nublo.tv\/index.php\/wp-json\/wp\/v2\/posts\/2676\/revisions\/2678"}],"wp:featuredmedia":[{"embeddable":true,"href":"https:\/\/nublo.tv\/index.php\/wp-json\/wp\/v2\/media\/2677"}],"wp:attachment":[{"href":"https:\/\/nublo.tv\/index.php\/wp-json\/wp\/v2\/media?parent=2676"}],"wp:term":[{"taxonomy":"category","embeddable":true,"href":"https:\/\/nublo.tv\/index.php\/wp-json\/wp\/v2\/categories?post=2676"},{"taxonomy":"post_tag","embeddable":true,"href":"https:\/\/nublo.tv\/index.php\/wp-json\/wp\/v2\/tags?post=2676"}],"curies":[{"name":"wp","href":"https:\/\/api.w.org\/{rel}","templated":true}]}}