{"id":268,"date":"2026-08-04T17:35:23","date_gmt":"2026-08-04T16:35:23","guid":{"rendered":"https:\/\/nublo.tv\/?p=268"},"modified":"2026-08-04T17:35:23","modified_gmt":"2026-08-04T16:35:23","slug":"telde-impulsa-una-campana-de-concienciacion-para-fomentar-la-correcta-gestion-de-enseres-y-trastos","status":"publish","type":"post","link":"https:\/\/nublo.tv\/index.php\/2026\/08\/04\/telde-impulsa-una-campana-de-concienciacion-para-fomentar-la-correcta-gestion-de-enseres-y-trastos\/","title":{"rendered":"Telde impulsa una campa\u00f1a de concienciaci\u00f3n para fomentar la correcta gesti\u00f3n de enseres y trastos"},"content":{"rendered":"<p align=\"justify\"><strong>Telde, a 29 de julio de 2026.<\/strong> La Concejal\u00eda de Limpieza Viaria y Recogida de Residuos del Ayuntamiento de Telde, que dirige Mar\u00eda Calder\u00edn, ha puesto en marcha una campa\u00f1a de concienciaci\u00f3n ciudadana para fomentar la correcta gesti\u00f3n de los enseres y residuos voluminosos durante los meses de verano, periodo en el que se registra un incremento de los vertidos de este tipo de desechos en la v\u00eda p\u00fablica.<\/p>\n<p align=\"justify\">La iniciativa tiene como objetivo recordar a la ciudadan\u00eda la importancia de respetar el calendario municipal de recogida de enseres y evitar depositar muebles, electrodom\u00e9sticos u otros objetos voluminosos en la calle fuera del d\u00eda establecido para cada zona del municipio.<\/p>\n<p align=\"justify\">La concejala de Limpieza Viaria y Recogida de Residuos, Mar\u00eda Calder\u00edn, se\u00f1ala que <strong>\u00abmantener una ciudad limpia es una responsabilidad compartida entre la Administraci\u00f3n y la ciudadan\u00eda. Desde el Ayuntamiento ponemos a disposici\u00f3n de los vecinos y vecinas un servicio gratuito de recogida de enseres, por lo que es fundamental utilizarlo correctamente y respetar los d\u00edas establecidos\u00bb.<\/strong><\/p>\n<p align=\"justify\">La edil recuerda que el abandono de enseres fuera del calendario previsto <strong>\u00abgenera una imagen de abandono en nuestras calles, dificulta el trabajo de los servicios municipales de limpieza y provoca molestias al resto de la ciudadan\u00eda\u00bb.<\/strong><\/p>\n<p align=\"justify\">La campa\u00f1a se difundir\u00e1 a trav\u00e9s de medios digitales, emisoras de radio y las redes sociales oficiales de Telde Limpia, con el prop\u00f3sito de hacer llegar el mensaje al mayor n\u00famero posible de vecinos y vecinas y fomentar la colaboraci\u00f3n ciudadana.<\/p>\n<p align=\"justify\">La campa\u00f1a tambi\u00e9n pretende concienciar sobre la correcta gesti\u00f3n de otros residuos, como los escombros y restos de poda, cuyo abandono en la v\u00eda p\u00fablica constituye una pr\u00e1ctica prohibida y puede conllevar sanciones.<\/p>\n<p align=\"justify\">Estos residuos deben ser trasladados al Punto Verde Municipal gratuito ubicado en Las Rubiesas, donde pueden recibir una gesti\u00f3n adecuada.<\/p>\n<p align=\"justify\">Asimismo, la iniciativa incidir\u00e1 en la importancia de mantener limpios los espacios p\u00fablicos y recordar la obligaci\u00f3n de recoger los excrementos de los animales de compa\u00f1\u00eda. El Ayuntamiento hace un llamamiento a los propietarios de mascotas para que colaboren en el cuidado de las calles y espacios p\u00fablicos del municipio.<\/p>\n<p align=\"justify\"><strong>\u00abPeque\u00f1os gestos, como respetar el calendario de recogida de enseres, llevar los residuos al lugar adecuado o recoger los excrementos de nuestras mascotas, tienen un impacto muy importante en la limpieza de Telde. Entre todos podemos conseguir una ciudad m\u00e1s limpia, m\u00e1s cuidada y m\u00e1s agradable para vivir\u00bb,<\/strong> concluye Calder\u00edn.<\/p>\n<p><strong>Calendario de recogida de enseres<\/strong><br \/>\nEl servicio municipal de recogida de enseres se organiza por d\u00edas y zonas:<\/p>\n<p>El Ayuntamiento de Telde recuerda a la ciudadan\u00eda la importancia de consultar y respetar el d\u00eda correspondiente a cada zona antes de depositar los enseres, contribuyendo as\u00ed al mantenimiento de una ciudad m\u00e1s limpia y cuidada.<\/p>\n","protected":false},"excerpt":{"rendered":"<p>Telde, a 29 de julio de 2026. La Concejal\u00eda de Limpieza Viaria y Recogida de Residuos del Ayuntamiento de Telde, que dirige Mar\u00eda Calder\u00edn, ha puesto en marcha una campa\u00f1a&hellip;<\/p>\n","protected":false},"author":20,"featured_media":269,"comment_status":"open","ping_status":"open","sticky":false,"template":"","format":"standard","meta":{"wpai_generated_summary":"","wpai_meta_description":"","footnotes":""},"categories":[140],"tags":[],"class_list":["post-268","post","type-post","status-publish","format-standard","has-post-thumbnail","hentry","category-ayuntamiento-de-telde"],"_links":{"self":[{"href":"https:\/\/nublo.tv\/index.php\/wp-json\/wp\/v2\/posts\/268","targetHints":{"allow":["GET"]}}],"collection":[{"href":"https:\/\/nublo.tv\/index.php\/wp-json\/wp\/v2\/posts"}],"about":[{"href":"https:\/\/nublo.tv\/index.php\/wp-json\/wp\/v2\/types\/post"}],"author":[{"embeddable":true,"href":"https:\/\/nublo.tv\/index.php\/wp-json\/wp\/v2\/users\/20"}],"replies":[{"embeddable":true,"href":"https:\/\/nublo.tv\/index.php\/wp-json\/wp\/v2\/comments?post=268"}],"version-history":[{"count":1,"href":"https:\/\/nublo.tv\/index.php\/wp-json\/wp\/v2\/posts\/268\/revisions"}],"predecessor-version":[{"id":516,"href":"https:\/\/nublo.tv\/index.php\/wp-json\/wp\/v2\/posts\/268\/revisions\/516"}],"wp:featuredmedia":[{"embeddable":true,"href":"https:\/\/nublo.tv\/index.php\/wp-json\/wp\/v2\/media\/269"}],"wp:attachment":[{"href":"https:\/\/nublo.tv\/index.php\/wp-json\/wp\/v2\/media?parent=268"}],"wp:term":[{"taxonomy":"category","embeddable":true,"href":"https:\/\/nublo.tv\/index.php\/wp-json\/wp\/v2\/categories?post=268"},{"taxonomy":"post_tag","embeddable":true,"href":"https:\/\/nublo.tv\/index.php\/wp-json\/wp\/v2\/tags?post=268"}],"curies":[{"name":"wp","href":"https:\/\/api.w.org\/{rel}","templated":true}]}}