{"id":27,"date":"2026-08-04T17:37:41","date_gmt":"2026-08-04T16:37:41","guid":{"rendered":"https:\/\/nublo.tv\/?p=27"},"modified":"2026-08-04T17:37:41","modified_gmt":"2026-08-04T16:37:41","slug":"el-ayuntamiento-acoge-dos-exposiciones-que-repasan-las-conquistas-del-colectivo-lgtbiq","status":"publish","type":"post","link":"https:\/\/nublo.tv\/index.php\/2026\/08\/04\/el-ayuntamiento-acoge-dos-exposiciones-que-repasan-las-conquistas-del-colectivo-lgtbiq\/","title":{"rendered":"El Ayuntamiento acoge dos exposiciones que repasan las conquistas del colectivo LGTBIQ+."},"content":{"rendered":"<p class=\"p-meta\"><span>Marcos Hern\u00e1ndez Bola\u00f1os<\/span><span><time class=\"entry-date\" datetime=\"2026-07-22T13:08:48+00:00\">22\/07\/2026<\/time><\/span><span><a href=\"https:\/\/aguimes.es\/category\/noticias\/\" title=\"View all posts in: \u201cNoticias\u201d\">Noticias<\/a>, <a href=\"https:\/\/aguimes.es\/category\/noticias\/igualdad\/\" title=\"View all posts in: \u201cIgualdad\u201d\">Igualdad<\/a><\/span><\/p>\n<p class=\"wp-block-paragraph\"><strong>Las muestras<\/strong> <strong>reivindican la memoria hist\u00f3rica del movimiento y ponen en valor las conquistas alcanzadas tras d\u00e9cadas de lucha por la igualdad.\u00a0\u00a0\u00a0\u00a0<\/strong>\u00a0\u00a0\u00a0<\/p>\n<p class=\"wp-block-paragraph\">Las dos sedes del Ayuntamiento de Ag\u00fcimes, situadas en las calles Doctor Joaquin Artiles y Barbuzano acogen, respectivamente, las exposiciones \u2018Geograf\u00eda de las resistencias LGTBIQ+\u2019 y \u201820 a\u00f1os de matrimonio igualitario\u2019. Se trata de dos retrospectivas que ponen el foco en los logros que el colectivo ha atesorado tras d\u00e9cadas de lucha y que sirve al mismo tiempo de homenaje a todos los que, con su esfuerzo, han aportado a que la sociedad espa\u00f1ola y la canaria sean m\u00e1s justas e igualitarias.<\/p>\n<p class=\"wp-block-paragraph\">La exposici\u00f3n \u201820 a\u00f1os de matrimonio igualitario\u2019, realizada por el Ministerio de Igualdad del Gobierno de Espa\u00f1a, realiza un recorrido por las dos d\u00e9cadas transcurridas desde la aprobaci\u00f3n de esta hist\u00f3rica ley en Espa\u00f1a, recordando el papel desempe\u00f1ado por los colectivos y movimientos sociales en la conquista de este derecho. A trav\u00e9s de paneles informativos, im\u00e1genes y documentos, la muestra repasa algunos de los principales hitos del activismo LGTBIQ+, al tiempo que pone de relieve la importancia de preservar la memoria de quienes hicieron posible estos avances.<\/p>\n<p class=\"wp-block-paragraph\">Por su parte, \u2018Geograf\u00eda de las resistencias LGTBIQ+\u2019, impulsada por el colectivo LGTBI Marikas Rurales, cuenta con el apoyo del Gobierno de Canarias y centra su mirada en el \u00e1mbito canario, recuperando testimonios y relatos de personas que sufrieron la represi\u00f3n y la discriminaci\u00f3n durante d\u00e9cadas. La exposici\u00f3n rescata historias de vida marcadas por la persecuci\u00f3n y la exclusi\u00f3n social, contribuyendo a visibilizar una parte de la historia reciente del archipi\u00e9lago que, en muchas ocasiones, contin\u00faa siendo poco conocida por las nuevas generaciones.<\/p>\n<p class=\"wp-block-paragraph\">La inauguraci\u00f3n de las muestras cont\u00f3 con la presencia del alcalde de Ag\u00fcimes, \u00d3scar Hern\u00e1ndez; la directora general de Servicios Sociales e Inmigraci\u00f3n del Gobierno de Canarias, Elisabeth Santana; la concejala de Igualdad y Servicios Sociales del Ayuntamiento de Ag\u00fcimes, Eva L\u00f3pez; el director general de Diversidad del Gobierno de Canarias, Celso David Mendoza Negr\u00edn; y el presidente de Marikas Rurales, Daniel Alem\u00e1n. Ambas propuestas expositivas nacen con la voluntad de recordar que los derechos y libertades de los que hoy disfruta el colectivo son fruto de un largo proceso de reivindicaci\u00f3n y compromiso social. Las muestras invitan a la ciudadan\u00eda a reflexionar sobre el camino recorrido, a reconocer el legado de quienes protagonizaron estas luchas y a mantener viva la memoria hist\u00f3rica como herramienta fundamental para seguir avanzando hacia una sociedad m\u00e1s inclusiva, diversa e igualitaria.<\/p>\n","protected":false},"excerpt":{"rendered":"<p>Marcos Hern\u00e1ndez Bola\u00f1os22\/07\/2026Noticias, IgualdadLas muestras reivindican la memoria hist\u00f3rica del movimiento y ponen en valor las conquistas alcanzadas tras d\u00e9cadas de lucha por la igualdad.\u00a0\u00a0\u00a0\u00a0\u00a0\u00a0\u00a0Las dos sedes del Ayuntamiento de&hellip;<\/p>\n","protected":false},"author":4,"featured_media":28,"comment_status":"open","ping_status":"open","sticky":false,"template":"","format":"standard","meta":{"wpai_generated_summary":"","wpai_meta_description":"","footnotes":""},"categories":[125],"tags":[],"class_list":["post-27","post","type-post","status-publish","format-standard","has-post-thumbnail","hentry","category-ayuntamiento-de-aguimes"],"_links":{"self":[{"href":"https:\/\/nublo.tv\/index.php\/wp-json\/wp\/v2\/posts\/27","targetHints":{"allow":["GET"]}}],"collection":[{"href":"https:\/\/nublo.tv\/index.php\/wp-json\/wp\/v2\/posts"}],"about":[{"href":"https:\/\/nublo.tv\/index.php\/wp-json\/wp\/v2\/types\/post"}],"author":[{"embeddable":true,"href":"https:\/\/nublo.tv\/index.php\/wp-json\/wp\/v2\/users\/4"}],"replies":[{"embeddable":true,"href":"https:\/\/nublo.tv\/index.php\/wp-json\/wp\/v2\/comments?post=27"}],"version-history":[{"count":1,"href":"https:\/\/nublo.tv\/index.php\/wp-json\/wp\/v2\/posts\/27\/revisions"}],"predecessor-version":[{"id":594,"href":"https:\/\/nublo.tv\/index.php\/wp-json\/wp\/v2\/posts\/27\/revisions\/594"}],"wp:featuredmedia":[{"embeddable":true,"href":"https:\/\/nublo.tv\/index.php\/wp-json\/wp\/v2\/media\/28"}],"wp:attachment":[{"href":"https:\/\/nublo.tv\/index.php\/wp-json\/wp\/v2\/media?parent=27"}],"wp:term":[{"taxonomy":"category","embeddable":true,"href":"https:\/\/nublo.tv\/index.php\/wp-json\/wp\/v2\/categories?post=27"},{"taxonomy":"post_tag","embeddable":true,"href":"https:\/\/nublo.tv\/index.php\/wp-json\/wp\/v2\/tags?post=27"}],"curies":[{"name":"wp","href":"https:\/\/api.w.org\/{rel}","templated":true}]}}