{"id":2703,"date":"2026-08-08T00:42:43","date_gmt":"2026-08-07T23:42:43","guid":{"rendered":"https:\/\/nublo.tv\/?p=2703"},"modified":"2026-08-20T00:47:59","modified_gmt":"2026-08-19T23:47:59","slug":"homenaje-al-mayor","status":"publish","type":"post","link":"https:\/\/nublo.tv\/index.php\/2026\/08\/08\/homenaje-al-mayor\/","title":{"rendered":"Homenaje al Mayor"},"content":{"rendered":"<div><img loading=\"lazy\" decoding=\"async\" class=\"alignnone\" style=\"width: 100%\" src=\"https:\/\/www.agaete.es\/sites\/default\/files\/styles\/max_650x650\/public\/noticias\/8684.jpg?itok=GqeSOKA4\" alt=\"\" width=\"650\" height=\"433\" \/><\/p>\n<div>Con sincero agradecimiento y todo el cari\u00f1o de su pueblo, esta tarde el municipio de Agaete ha vivido una jornada cargada de emoci\u00f3n con la celebraci\u00f3n del acto de homenaje del D\u00eda del Mayor.En una ceremonia marcada por el arraigo y el afecto vecinal, la Villa ha querido rendir tributo a sus vecinos y vecinas m\u00e1s longevos, defini\u00e9ndolos no solo como memoria viva de Agaete sino por au incalculable valor como personas \u201cricas en a\u00f1os y con vivencias e historias que contin\u00faan enriqueciendo cada rinc\u00f3n de nuestro pueblo\u201d.<\/p>\n<p>Mar\u00eda Rafaela Margarita Su\u00e1rez Mendoza (Marusa) y Juan Cristo Garc\u00eda Ramos son parte de una generaci\u00f3n de hombres y mujeres que crecieron en circunstancias complejas, caracterizadas por la austeridad y el trabajo duro. Los homenajeados representan esa semilla sobre la que se ciment\u00f3 el Agaete de hoy, con su pueblo arrop\u00e1ndoles con el cari\u00f1o y el respeto colectivo de la Villa.<\/p>\n<p>Juan Cristo Garc\u00eda Ramos, nacido el 13 de septiembre de 1934 en San Sebasti\u00e1n, creci\u00f3 en un Agaete muy distinto al actual, aunque con unos valores que ha sabido sembrar en su familia. Hijo de Ana Mar\u00eda y Juan, aprendi\u00f3 desde muy ni\u00f1o el valor del trabajo madrugando junto a su padre en La Recova de Tenerife como carnicero. De regreso a su tierra con apenas 15 a\u00f1os, construy\u00f3 su vida en torno a la agricultura, para m\u00e1s tarde demostrar su versatilidad levantando paredes y viviendas como alba\u00f1il, llegando a edificar con sus propias manos el hogar familiar que hoy habita sobre un solar dejado por su madre. Esposo de Magdalena Alem\u00e1n Su\u00e1rez, padre de Mauricio, Ana Mar\u00eda y Margarita C\u00e1ndida, y amante incondicional del deporte, Juan Cristo ha hecho reir a sus vecinos\/as con sus an\u00e9cdotas futboleras, acumuladas en a\u00f1os en el campo y entrenando de forma altruista y apasionada a la cantera agaetense.<\/p>\n<p>Mar\u00eda Rafaela Margarita Su\u00e1rez Mendoza (Marusa) a sus 95 a\u00f1os es el ejemplo vivo de la identidad agaetense. Nacida el 22 de febrero de 1931 y vecina de Las Pe\u00f1as, Marusa es hija de madre artenarense y padre de El Risco, madre de cuatro hijos y esposa de Gumercindo Alem\u00e1n Su\u00e1rez. Ella ha sido pilar para una familia criada en el amor, el respeto y la dignidad, que han heredado el valor del esfuerzo, el trabajo incansable, la entrega a la familia y al hogar. Trabajando en donde hac\u00eda falta y desde muy ni\u00f1a, ella es ejemplo de una generaci\u00f3n que sac\u00f3 adelante a los suyos con esfuerzo y con un tes\u00f3n incansable.<\/p>\n<p>GRACIAS JUAN CRISTO Y MARUSA<\/p>\n<\/div>\n<\/div>\n","protected":false},"excerpt":{"rendered":"<p>Con sincero agradecimiento y todo el cari\u00f1o de su pueblo, esta tarde el municipio de Agaete ha vivido una jornada cargada de emoci\u00f3n con la celebra<\/p>\n","protected":false},"author":1,"featured_media":2707,"comment_status":"open","ping_status":"open","sticky":false,"template":"","format":"standard","meta":{"wpai_generated_summary":"","wpai_meta_description":"","footnotes":""},"categories":[124],"tags":[],"class_list":["post-2703","post","type-post","status-publish","format-standard","has-post-thumbnail","hentry","category-ayuntamiento-de-agaete"],"_links":{"self":[{"href":"https:\/\/nublo.tv\/index.php\/wp-json\/wp\/v2\/posts\/2703","targetHints":{"allow":["GET"]}}],"collection":[{"href":"https:\/\/nublo.tv\/index.php\/wp-json\/wp\/v2\/posts"}],"about":[{"href":"https:\/\/nublo.tv\/index.php\/wp-json\/wp\/v2\/types\/post"}],"author":[{"embeddable":true,"href":"https:\/\/nublo.tv\/index.php\/wp-json\/wp\/v2\/users\/1"}],"replies":[{"embeddable":true,"href":"https:\/\/nublo.tv\/index.php\/wp-json\/wp\/v2\/comments?post=2703"}],"version-history":[{"count":3,"href":"https:\/\/nublo.tv\/index.php\/wp-json\/wp\/v2\/posts\/2703\/revisions"}],"predecessor-version":[{"id":4824,"href":"https:\/\/nublo.tv\/index.php\/wp-json\/wp\/v2\/posts\/2703\/revisions\/4824"}],"wp:featuredmedia":[{"embeddable":true,"href":"https:\/\/nublo.tv\/index.php\/wp-json\/wp\/v2\/media\/2707"}],"wp:attachment":[{"href":"https:\/\/nublo.tv\/index.php\/wp-json\/wp\/v2\/media?parent=2703"}],"wp:term":[{"taxonomy":"category","embeddable":true,"href":"https:\/\/nublo.tv\/index.php\/wp-json\/wp\/v2\/categories?post=2703"},{"taxonomy":"post_tag","embeddable":true,"href":"https:\/\/nublo.tv\/index.php\/wp-json\/wp\/v2\/tags?post=2703"}],"curies":[{"name":"wp","href":"https:\/\/api.w.org\/{rel}","templated":true}]}}