{"id":2708,"date":"2026-08-08T07:36:59","date_gmt":"2026-08-08T06:36:59","guid":{"rendered":"https:\/\/nublo.tv\/?p=2708"},"modified":"2026-08-27T12:35:26","modified_gmt":"2026-08-27T11:35:26","slug":"guia-vive-una-jornada-festiva-con-los-papaguevos-la-banda-municipal-ciudad-de-guia-y-la-musica-en-directo","status":"publish","type":"post","link":"https:\/\/nublo.tv\/index.php\/2026\/08\/08\/guia-vive-una-jornada-festiva-con-los-papaguevos-la-banda-municipal-ciudad-de-guia-y-la-musica-en-directo\/","title":{"rendered":"Gu\u00eda vive una jornada festiva con los papag\u00fcevos, la Banda Municipal Ciudad de Gu\u00eda y la m\u00fasica en directo"},"content":{"rendered":"<p>La programaci\u00f3n de las Fiestas de la Virgen de Gu\u00eda contin\u00faa llenando las calles del municipio durante este fin de semana previo a la semana grande, con una jornada completa de actos que reuni\u00f3 a numeroso p\u00fablico en el entorno de la Iglesia Matriz y la Plaza Grande.<\/p>\n<p>La tarde comenz\u00f3 con actividades dirigidas a los m\u00e1s peque\u00f1os. Desde las 17:00 horas, ni\u00f1os y ni\u00f1as pudieron disfrutar de los castillos hinchables instalados en la explanada del frontis de la iglesia, mientras esperaban uno de los momentos m\u00e1s esperados de las fiestas: la salida de los papag\u00fcevos, que tuvo lugar a las 19:45 horas y volvi\u00f3 a llenar de m\u00fasica, color y alegr\u00eda las calles del casco hist\u00f3rico.<\/p>\n<p><img loading=\"lazy\" decoding=\"async\" class=\"alignnone  wp-image-54827 aligncenter\" src=\"https:\/\/santamariadeguia.es\/wp-content\/uploads\/2026\/08\/55447855887_f9eb45c207_h-300x207.jpg\" alt=\"\" width=\"478\" height=\"330\" \/><\/p>\n<p><img loading=\"lazy\" decoding=\"async\" class=\" wp-image-54829 aligncenter\" src=\"https:\/\/santamariadeguia.es\/wp-content\/uploads\/2026\/08\/07-300x200.png\" alt=\"\" width=\"479\" height=\"319\" \/><\/p>\n<p>Con la llegada de la noche, lleg\u00f3 uno de los actos con mayor arraigo dentro del programa de las Fiestas de la Virgen: el concierto de la Banda Municipal <em>Ciudad de Gu\u00eda<\/em>. Una cita que este a\u00f1o adquiri\u00f3, adem\u00e1s, un significado especialmente emotivo al coincidir con un importante relevo generacional dentro de la formaci\u00f3n musical.<\/p>\n<p>Bajo la direcci\u00f3n de Ar\u00edstides Sosa, jovenc\u00edsimos m\u00fasicos se incorporaron y debutaron con la Banda Municipal <em>Ciudad de Gu\u00eda<\/em>, garantizando, as\u00ed, la continuidad de una formaci\u00f3n profundamente vinculada a la vida del municipio. Su incorporaci\u00f3n convirti\u00f3 el concierto en una ocasi\u00f3n especial dentro de este 2026, un a\u00f1o marcado por la celebraci\u00f3n del 500 aniversario de la fundaci\u00f3n de Gu\u00eda como municipio.<\/p>\n<p>La Banda Municipal ofreci\u00f3 un repertorio que combin\u00f3 canciones de siempre con distintos estilos y \u00e9pocas, interpretando temas como Piel Canela, YMCA, Soul Bossa, Cachita, Danz\u00f3n n\u00ba 2 y El Manisero, adem\u00e1s de una selecci\u00f3n de canciones de Nino Bravo, piezas que fueron muy aplaudidas por el p\u00fablico que despidi\u00f3 a los m\u00fasicos con una larga ovaci\u00f3n y la petici\u00f3n de un bis, demostrando el cari\u00f1o y la vinculaci\u00f3n de los vecinos con su Banda Municipal.<\/p>\n<p>La programaci\u00f3n continu\u00f3 en el frontis de la iglesia con la actuaci\u00f3n de Calle Obispo, formaci\u00f3n canaria que fusiona los sonidos de la m\u00fasica cubana y latina bajo la direcci\u00f3n del trombonista Stefan Navarro. Su propuesta musical tom\u00f3 el relevo de la Banda Municipal y prolong\u00f3 el ambiente festivo para dar paso a N\u00e9stor Le\u00f3n y su Banda, que pusieron el broche a la jornada con una propuesta centrada en la m\u00fasica bailable, versiones y conocidos temas de verbena, invitando al p\u00fablico a continuar disfrutando de la noche en pleno coraz\u00f3n del casco hist\u00f3rico en estas las Fiestas de la Virgen.<\/p>\n<p>El programa festivo contin\u00faa ma\u00f1ana con una nueva edici\u00f3n de la Noche Joven, a partir de las 22:00 horas en la Plaza Grande.<\/p>\n","protected":false},"excerpt":{"rendered":"<p>La programaci\u00f3n de las Fiestas de la Virgen de Gu\u00eda contin\u00faa llenando las calles del municipio durante este fin de semana previo a la semana grande, con una jornada completa&hellip;<\/p>\n","protected":false},"author":1,"featured_media":2709,"comment_status":"open","ping_status":"open","sticky":false,"template":"","format":"standard","meta":{"wpai_generated_summary":"","wpai_meta_description":"","footnotes":""},"categories":[138],"tags":[],"class_list":["post-2708","post","type-post","status-publish","format-standard","has-post-thumbnail","hentry","category-ayuntamiento-de-santa-maria-de-guia"],"_links":{"self":[{"href":"https:\/\/nublo.tv\/index.php\/wp-json\/wp\/v2\/posts\/2708","targetHints":{"allow":["GET"]}}],"collection":[{"href":"https:\/\/nublo.tv\/index.php\/wp-json\/wp\/v2\/posts"}],"about":[{"href":"https:\/\/nublo.tv\/index.php\/wp-json\/wp\/v2\/types\/post"}],"author":[{"embeddable":true,"href":"https:\/\/nublo.tv\/index.php\/wp-json\/wp\/v2\/users\/1"}],"replies":[{"embeddable":true,"href":"https:\/\/nublo.tv\/index.php\/wp-json\/wp\/v2\/comments?post=2708"}],"version-history":[{"count":1,"href":"https:\/\/nublo.tv\/index.php\/wp-json\/wp\/v2\/posts\/2708\/revisions"}],"predecessor-version":[{"id":2710,"href":"https:\/\/nublo.tv\/index.php\/wp-json\/wp\/v2\/posts\/2708\/revisions\/2710"}],"wp:featuredmedia":[{"embeddable":true,"href":"https:\/\/nublo.tv\/index.php\/wp-json\/wp\/v2\/media\/2709"}],"wp:attachment":[{"href":"https:\/\/nublo.tv\/index.php\/wp-json\/wp\/v2\/media?parent=2708"}],"wp:term":[{"taxonomy":"category","embeddable":true,"href":"https:\/\/nublo.tv\/index.php\/wp-json\/wp\/v2\/categories?post=2708"},{"taxonomy":"post_tag","embeddable":true,"href":"https:\/\/nublo.tv\/index.php\/wp-json\/wp\/v2\/tags?post=2708"}],"curies":[{"name":"wp","href":"https:\/\/api.w.org\/{rel}","templated":true}]}}