{"id":2713,"date":"2026-08-08T13:08:41","date_gmt":"2026-08-08T12:08:41","guid":{"rendered":"https:\/\/nublo.tv\/?p=2713"},"modified":"2026-08-27T12:35:26","modified_gmt":"2026-08-27T11:35:26","slug":"la-banda-municipal-ciudad-de-guia-volvio-a-brillar-en-su-concierto-especial-de-las-fiestas-patronales-de-la-virgen","status":"publish","type":"post","link":"https:\/\/nublo.tv\/index.php\/2026\/08\/08\/la-banda-municipal-ciudad-de-guia-volvio-a-brillar-en-su-concierto-especial-de-las-fiestas-patronales-de-la-virgen\/","title":{"rendered":"La Banda Municipal Ciudad de Gu\u00eda volvi\u00f3 a brillar en su concierto especial de las fiestas patronales de La Virgen"},"content":{"rendered":"<p><strong>La formaci\u00f3n ofreci\u00f3 un variado recorrido musical, desde el pasodoble y el danz\u00f3n hasta los ritmos latinos, la bossa nova y la m\u00fasica disco, en una noche especialmente significativa por el debut de varios j\u00f3venes componentes<\/strong><br \/>\nLa Banda Municipal Ciudad de Gu\u00eda, bajo la direcci\u00f3n de Ar\u00edstides Sosa, volvi\u00f3 a reencontrarse este viernes con su p\u00fablico en la Plaza Grande dentro de la programaci\u00f3n de las Fiestas de la Virgen de Gu\u00eda 2026 con un concierto en el que la m\u00fasica y el relevo generacional fueron protagonistas. La formaci\u00f3n municipal present\u00f3 un amplio y variado repertorio, ofreciendo al p\u00fablico un recorrido por diferentes estilos y \u00e9pocas que permiti\u00f3 mostrar la versatilidad de la Banda.<br \/>\nEl programa comenz\u00f3 con \u2018Ag\u00e1rrate Saxo\u2019, obra de Joaqu\u00edn Monta\u00f1\u00e9s concebida como pasodoble. A continuaci\u00f3n lleg\u00f3 \u2018Danz\u00f3n n\u00ba 2\u2019, la conocida composici\u00f3n del mexicano Arturo M\u00e1rquez, una de las obras contempor\u00e1neas m\u00e1s populares del repertorio latinoamericano para orquesta, profundamente inspirada en el danz\u00f3n mexicano.<br \/>\nLos sonidos brasile\u00f1os tuvieron tambi\u00e9n una presencia destacada con \u2018Las Playas de Rio\u2019, de Kees Vlak, una composici\u00f3n para banda inspirada en la m\u00fasica y el ambiente de R\u00edo de Janeiro.<br \/>\nEl concierto continu\u00f3 adentr\u00e1ndose en la m\u00fasica popular latinoamericana con \u2018Piel Canela\u2019, uno de los grandes cl\u00e1sicos del bolero compuesto por Bobby Cap\u00f3, y \u2018Cachita\u2019, de Rafael Hern\u00e1ndez, una pieza estrechamente ligada a los ritmos de la rumba.<\/p>\n<p>La Banda mostr\u00f3, posteriormente, otra de sus caras con \u2018Soul Bossa Nova\u2019, la popular composici\u00f3n instrumental de Quincy Jones que fusiona jazz, soul y bossa nova, antes de rendir homenaje a la m\u00fasica espa\u00f1ola a trav\u00e9s de una selecci\u00f3n de algunas de las canciones m\u00e1s recordadas de Nino Bravo.<br \/>\nEl repertorio se complet\u00f3 con \u2018El Manisero\u2019, la hist\u00f3rica composici\u00f3n cubana de Mois\u00e9s Simons vinculada al son-preg\u00f3n, y con la energ\u00eda de \u2018Y.M.C.A.\u2019, uno de los grandes cl\u00e1sicos de la m\u00fasica disco popularizado por Village People, que aport\u00f3 un cierre festivo a la actuaci\u00f3n.<br \/>\nM\u00e1s all\u00e1 del repertorio, la noche tuvo un componente especialmente significativo para la propia Banda Municipal con el debut de varios j\u00f3venes m\u00fasicos que se incorporaron por primera vez a la formaci\u00f3n en un concierto de estas caracter\u00edsticas. Su presencia supone un nuevo paso en el necesario relevo generacional de una agrupaci\u00f3n profundamente vinculada a la historia musical y cultural de Gu\u00eda de Gran Canaria.<br \/>\nEl concierto sirvi\u00f3, as\u00ed, para poner en valor tanto la trayectoria de los componentes con mayor experiencia como el trabajo que se desarrolla con las nuevas generaciones, favoreciendo que j\u00f3venes m\u00fasicos contin\u00faen incorpor\u00e1ndose a una formaci\u00f3n que mantiene una presencia constante en las principales celebraciones del municipio.<br \/>\nLa Plaza Grande volvi\u00f3 a convertirse en escenario de encuentro entre la Banda Municipal Ciudad de Gu\u00eda y el p\u00fablico guiense, en una noche que combin\u00f3 tradici\u00f3n, m\u00fasica internacional y algunos de los grandes t\u00edtulos de la m\u00fasica popular del \u00faltimo siglo.<br \/>\nLa actuaci\u00f3n estuvo organizada por la Concejal\u00eda de Cultura del Ayuntamiento de Santa Mar\u00eda de Gu\u00eda, con la participaci\u00f3n de las Escuelas Art\u00edsticas Municipales Ciudad de Gu\u00eda.<\/p>\n","protected":false},"excerpt":{"rendered":"<p>La formaci\u00f3n ofreci\u00f3 un variado recorrido musical, desde el pasodoble y el danz\u00f3n hasta los ritmos latinos, la bossa nova y la m\u00fasica disco, en una noche especialmente significativa por&hellip;<\/p>\n","protected":false},"author":1,"featured_media":2714,"comment_status":"open","ping_status":"open","sticky":false,"template":"","format":"standard","meta":{"wpai_generated_summary":"","wpai_meta_description":"","footnotes":""},"categories":[138],"tags":[],"class_list":["post-2713","post","type-post","status-publish","format-standard","has-post-thumbnail","hentry","category-ayuntamiento-de-santa-maria-de-guia"],"_links":{"self":[{"href":"https:\/\/nublo.tv\/index.php\/wp-json\/wp\/v2\/posts\/2713","targetHints":{"allow":["GET"]}}],"collection":[{"href":"https:\/\/nublo.tv\/index.php\/wp-json\/wp\/v2\/posts"}],"about":[{"href":"https:\/\/nublo.tv\/index.php\/wp-json\/wp\/v2\/types\/post"}],"author":[{"embeddable":true,"href":"https:\/\/nublo.tv\/index.php\/wp-json\/wp\/v2\/users\/1"}],"replies":[{"embeddable":true,"href":"https:\/\/nublo.tv\/index.php\/wp-json\/wp\/v2\/comments?post=2713"}],"version-history":[{"count":1,"href":"https:\/\/nublo.tv\/index.php\/wp-json\/wp\/v2\/posts\/2713\/revisions"}],"predecessor-version":[{"id":2715,"href":"https:\/\/nublo.tv\/index.php\/wp-json\/wp\/v2\/posts\/2713\/revisions\/2715"}],"wp:featuredmedia":[{"embeddable":true,"href":"https:\/\/nublo.tv\/index.php\/wp-json\/wp\/v2\/media\/2714"}],"wp:attachment":[{"href":"https:\/\/nublo.tv\/index.php\/wp-json\/wp\/v2\/media?parent=2713"}],"wp:term":[{"taxonomy":"category","embeddable":true,"href":"https:\/\/nublo.tv\/index.php\/wp-json\/wp\/v2\/categories?post=2713"},{"taxonomy":"post_tag","embeddable":true,"href":"https:\/\/nublo.tv\/index.php\/wp-json\/wp\/v2\/tags?post=2713"}],"curies":[{"name":"wp","href":"https:\/\/api.w.org\/{rel}","templated":true}]}}