{"id":2716,"date":"2026-08-08T14:05:26","date_gmt":"2026-08-08T13:05:26","guid":{"rendered":"https:\/\/nublo.tv\/?p=2716"},"modified":"2026-08-08T14:05:26","modified_gmt":"2026-08-08T13:05:26","slug":"la-ud-las-palmas-participa-en-la-presentacion-oficial-de-la-lxxii-edicion-del-trofeo-carranza","status":"publish","type":"post","link":"https:\/\/nublo.tv\/index.php\/2026\/08\/08\/la-ud-las-palmas-participa-en-la-presentacion-oficial-de-la-lxxii-edicion-del-trofeo-carranza\/","title":{"rendered":"La UD Las Palmas participa en la presentaci\u00f3n oficial de la LXXII edici\u00f3n del Trofeo Carranza"},"content":{"rendered":"<p><img decoding=\"async\" style=\"width: 100%\" src=\"https:\/\/statics-maker.llt-services.com\/lpa\/images\/2026\/08\/08\/large\/ed46c8ed-300f-4c3e-961c-8c23a6b8a057-905.jpeg\" \/><\/p>\n<div>\n<p>La presentaci\u00f3n de la LXXII edici\u00f3n del Trofeo Carranza cont\u00f3 con la presencia del vicepresidente de la UD Las Palmas, Nicol\u00e1s Ortega, acompa\u00f1ado por el director deportivo, Luis Helguera, y Vicente G\u00f3mez, adjunto a la direcci\u00f3n deportiva, en representaci\u00f3n de la entidad amarilla.<\/p>\n<p>Durante el evento se descubri\u00f3 el cartel oficial de la LXXII edici\u00f3n del Trofeo Carranza y tuvo lugar el preg\u00f3n a cargo de Manuel Camacho \u00c1lvarez.<\/p>\n<p>Asimismo, intervino Nicol\u00e1s Ortega en representaci\u00f3n de la entidad amarilla, quien agradeci\u00f3 al C\u00e1diz CF la invitaci\u00f3n a participar en esta nueva edici\u00f3n del Trofeo Carranza y destac\u00f3 los v\u00ednculos que hist\u00f3ricamente han unido a ambos clubes. El vicepresidente de la UD Las Palmas puso en valor el orgullo que supone para la entidad volver a formar parte de un torneo con tanta historia y prestigio y mostr\u00f3 su deseo de que el equipo pueda ofrecer su mejor versi\u00f3n para intentar conquistar el que ser\u00eda el segundo Trofeo Carranza de la UD Las Palmas. Tambi\u00e9n destac\u00f3 el v\u00ednculo especial que une al club con la ciudad de C\u00e1diz y expres\u00f3 su deseo de que la UD Las Palmas pueda seguir regresando a la ciudad y disfrutando de ella en futuras ediciones.<\/p>\n<p>Por su parte, el presidente del C\u00e1diz CF, Christian Septi\u00e9n, agradeci\u00f3 la presencia de la UD Las Palmas en esta LXXII edici\u00f3n y destac\u00f3 el orgullo que supone para \u00e9l presentar por primera vez el Trofeo Carranza como presidente de la entidad gaditana. Asimismo, traslad\u00f3 su deseo de que el torneo se convierta en un gran espect\u00e1culo deportivo y que tanto los equipos participantes como la afici\u00f3n puedan disfrutar de esta nueva edici\u00f3n.<\/p>\n<p>El acto concluy\u00f3 con el tradicional intercambio de obsequios institucionales entre las autoridades presentes y los representantes de ambos clubes, as\u00ed como con la fotograf\u00eda oficial de familia, que puso el broche a la presentaci\u00f3n de la LXXII edici\u00f3n del Trofeo Carranza.<\/p>\n<\/div>\n","protected":false},"excerpt":{"rendered":"<p>La UD Las Palmas particip\u00f3 este s\u00e1bado en el acto oficial de presentaci\u00f3n de la LXXII edici\u00f3n del Trofeo Carranza, celebrado en el Sal\u00f3n de Plenos del Ayuntamiento de C\u00e1diz&hellip;<\/p>\n","protected":false},"author":1,"featured_media":2717,"comment_status":"open","ping_status":"open","sticky":false,"template":"","format":"standard","meta":{"wpai_generated_summary":"","wpai_meta_description":"","footnotes":""},"categories":[122],"tags":[],"class_list":["post-2716","post","type-post","status-publish","format-standard","has-post-thumbnail","hentry","category-deportes"],"_links":{"self":[{"href":"https:\/\/nublo.tv\/index.php\/wp-json\/wp\/v2\/posts\/2716","targetHints":{"allow":["GET"]}}],"collection":[{"href":"https:\/\/nublo.tv\/index.php\/wp-json\/wp\/v2\/posts"}],"about":[{"href":"https:\/\/nublo.tv\/index.php\/wp-json\/wp\/v2\/types\/post"}],"author":[{"embeddable":true,"href":"https:\/\/nublo.tv\/index.php\/wp-json\/wp\/v2\/users\/1"}],"replies":[{"embeddable":true,"href":"https:\/\/nublo.tv\/index.php\/wp-json\/wp\/v2\/comments?post=2716"}],"version-history":[{"count":2,"href":"https:\/\/nublo.tv\/index.php\/wp-json\/wp\/v2\/posts\/2716\/revisions"}],"predecessor-version":[{"id":2719,"href":"https:\/\/nublo.tv\/index.php\/wp-json\/wp\/v2\/posts\/2716\/revisions\/2719"}],"wp:featuredmedia":[{"embeddable":true,"href":"https:\/\/nublo.tv\/index.php\/wp-json\/wp\/v2\/media\/2717"}],"wp:attachment":[{"href":"https:\/\/nublo.tv\/index.php\/wp-json\/wp\/v2\/media?parent=2716"}],"wp:term":[{"taxonomy":"category","embeddable":true,"href":"https:\/\/nublo.tv\/index.php\/wp-json\/wp\/v2\/categories?post=2716"},{"taxonomy":"post_tag","embeddable":true,"href":"https:\/\/nublo.tv\/index.php\/wp-json\/wp\/v2\/tags?post=2716"}],"curies":[{"name":"wp","href":"https:\/\/api.w.org\/{rel}","templated":true}]}}