{"id":272,"date":"2026-08-04T17:35:23","date_gmt":"2026-08-04T16:35:23","guid":{"rendered":"https:\/\/nublo.tv\/?p=272"},"modified":"2026-08-04T17:35:23","modified_gmt":"2026-08-04T16:35:23","slug":"el-lomo-rock-fest-celebra-su-quinta-edicion-reafirmando-su-compromiso-con-la-musica-original-hecha-en-canarias","status":"publish","type":"post","link":"https:\/\/nublo.tv\/index.php\/2026\/08\/04\/el-lomo-rock-fest-celebra-su-quinta-edicion-reafirmando-su-compromiso-con-la-musica-original-hecha-en-canarias\/","title":{"rendered":"El Lomo Rock Fest celebra su quinta edici\u00f3n reafirmando su compromiso con la m\u00fasica original hecha en Canarias"},"content":{"rendered":"<p align=\"justify\"><strong>Telde, a 29 de julio de 2026.<\/strong> El barrio del Lomo del Cementerio volver\u00e1 a convertirse este s\u00e1bado, 1 de agosto, en punto de encuentro para los amantes del rock, el punk, el ska y el metal con la celebraci\u00f3n de la 5\u00aa edici\u00f3n del Lomo Rock Fest. El evento arrancar\u00e1 a las 19.00 horas en la cancha del Lomo del Cementerio y, cinco a\u00f1os despu\u00e9s de su nacimiento, se ha consolidado como una de las principales citas de la m\u00fasica original en Canarias, situando a Telde como referente de la m\u00fasica en directo del Archipi\u00e9lago.<\/p>\n<p align=\"justify\">Desde su primera edici\u00f3n, celebrada en 2022, el Lomo Rock Fest mantiene una filosof\u00eda clara: apostar exclusivamente por la m\u00fasica original creada en Canarias. Durante cerca de ocho horas, toda la m\u00fasica que sonar\u00e1, tanto en los conciertos como en los espacios entre actuaciones, pertenece exclusivamente a bandas del Archipi\u00e9lago, poniendo en valor el talento y la creatividad de las Islas.<\/p>\n<p align=\"justify\">El p\u00fablico podr\u00e1 disfrutar de las actuaciones de Enac Ska, Underground Kombustible, Subresiduos, Skachaos, Enrale, Revenge and Desire y Los Iguales, siete bandas que representan la diversidad y la calidad del rock, el punk, el ska y el metal que se produce actualmente en Canarias.<\/p>\n<p align=\"justify\">El Ayuntamiento de Telde, a trav\u00e9s de la Concejal\u00eda de Cultura, colabora con la celebraci\u00f3n de este concierto, reafirmando su apuesta por apoyar las iniciativas culturales y musicales que contribuyen a dinamizar los barrios y a visibilizar el talento art\u00edstico de Canarias.<\/p>\n<p align=\"justify\">El alcalde de Telde, Juan Antonio Pe\u00f1a, destaca la importancia de continuar respaldando iniciativas como el Lomo Rock Fest, que <strong>\u201chan sabido crecer y consolidarse desde la apuesta por el talento y la creaci\u00f3n musical de Canarias\u201d.<\/strong> En este sentido, se\u00f1ala que <strong>\u201cTelde es una ciudad con una enorme riqueza cultural y art\u00edstica, y desde el Ayuntamiento queremos seguir acompa\u00f1ando y colaborando con aquellos proyectos que generan espacios para nuestros m\u00fasicos, dinamizan nuestros barrios y ofrecen a la ciudadan\u00eda una programaci\u00f3n cultural diversa y de calidad\u201d.<\/strong><\/p>\n<p align=\"justify\">Por su parte, el concejal de Cultura, Juan Martel, a\u00f1ade que <strong>\u201cel Lomo Rock Fest representa perfectamente ese esp\u00edritu, convirtiendo durante una jornada al barrio del Lomo del Cementerio en un punto de encuentro para la m\u00fasica y la cultura, con un cartel que pone en valor la creaci\u00f3n original de nuestras Islas y que demuestra que Canarias cuenta con una escena musical viva, diversa y con mucho futuro\u201d.<\/strong><\/p>\n<p align=\"justify\">Cinco ediciones despu\u00e9s, el Lomo Rock Fest se ha consolidado como mucho m\u00e1s que un festival. Es un proyecto cultural que reivindica el valor de la m\u00fasica de autor, fomenta la creaci\u00f3n art\u00edstica y demuestra que Canarias cuenta con una escena y diversidad musical de enorme calidad, personalidad y futuro, ofreciendo al p\u00fablico una experiencia \u00fanica en la que el talento local es el aut\u00e9ntico protagonista.<\/p>\n<p><strong>Informaci\u00f3n del evento<\/strong><br \/>\n<strong>Evento:<\/strong> 5.\u00aa edici\u00f3n del Lomo Rock Fest<br \/>\n<strong>Fecha:<\/strong> S\u00e1bado, 1 de agosto de 2026<br \/>\n<strong>Hora:<\/strong> Desde las 19.00 horas<br \/>\n<strong>Lugar:<\/strong> Cancha del Lomo del Cementerio, Telde<br \/>\n<strong>Entrada:<\/strong> Gratuita<\/p>\n","protected":false},"excerpt":{"rendered":"<p>Telde, a 29 de julio de 2026. El barrio del Lomo del Cementerio volver\u00e1 a convertirse este s\u00e1bado, 1 de agosto, en punto de encuentro para los amantes del rock,&hellip;<\/p>\n","protected":false},"author":20,"featured_media":273,"comment_status":"open","ping_status":"open","sticky":false,"template":"","format":"standard","meta":{"wpai_generated_summary":"","wpai_meta_description":"","footnotes":""},"categories":[140],"tags":[],"class_list":["post-272","post","type-post","status-publish","format-standard","has-post-thumbnail","hentry","category-ayuntamiento-de-telde"],"_links":{"self":[{"href":"https:\/\/nublo.tv\/index.php\/wp-json\/wp\/v2\/posts\/272","targetHints":{"allow":["GET"]}}],"collection":[{"href":"https:\/\/nublo.tv\/index.php\/wp-json\/wp\/v2\/posts"}],"about":[{"href":"https:\/\/nublo.tv\/index.php\/wp-json\/wp\/v2\/types\/post"}],"author":[{"embeddable":true,"href":"https:\/\/nublo.tv\/index.php\/wp-json\/wp\/v2\/users\/20"}],"replies":[{"embeddable":true,"href":"https:\/\/nublo.tv\/index.php\/wp-json\/wp\/v2\/comments?post=272"}],"version-history":[{"count":1,"href":"https:\/\/nublo.tv\/index.php\/wp-json\/wp\/v2\/posts\/272\/revisions"}],"predecessor-version":[{"id":519,"href":"https:\/\/nublo.tv\/index.php\/wp-json\/wp\/v2\/posts\/272\/revisions\/519"}],"wp:featuredmedia":[{"embeddable":true,"href":"https:\/\/nublo.tv\/index.php\/wp-json\/wp\/v2\/media\/273"}],"wp:attachment":[{"href":"https:\/\/nublo.tv\/index.php\/wp-json\/wp\/v2\/media?parent=272"}],"wp:term":[{"taxonomy":"category","embeddable":true,"href":"https:\/\/nublo.tv\/index.php\/wp-json\/wp\/v2\/categories?post=272"},{"taxonomy":"post_tag","embeddable":true,"href":"https:\/\/nublo.tv\/index.php\/wp-json\/wp\/v2\/tags?post=272"}],"curies":[{"name":"wp","href":"https:\/\/api.w.org\/{rel}","templated":true}]}}