{"id":2720,"date":"2026-08-08T15:59:49","date_gmt":"2026-08-08T14:59:49","guid":{"rendered":"https:\/\/nublo.tv\/?p=2720"},"modified":"2026-08-27T12:35:26","modified_gmt":"2026-08-27T11:35:26","slug":"el-campus-de-la-ud-las-palmas-pone-el-broche-final-a-su-edicion-en-tijarafe-y-puntagorda","status":"publish","type":"post","link":"https:\/\/nublo.tv\/index.php\/2026\/08\/08\/el-campus-de-la-ud-las-palmas-pone-el-broche-final-a-su-edicion-en-tijarafe-y-puntagorda\/","title":{"rendered":"El Campus de la UD Las Palmas pone el broche final a su edici\u00f3n en Tijarafe y Puntagorda"},"content":{"rendered":"<p>El Campus de la UD Las Palmas, organizado por la Fundaci\u00f3n UD Las Palmas a trav\u00e9s de la Escuela de la UD Las Palmas, puso el broche final a una nueva edici\u00f3n en los municipios palmeros de Tijarafe y Puntagorda, culminando una intensa semana de deporte, aprendizaje y diversi\u00f3n para todos los ni\u00f1os y ni\u00f1as participantes.<\/p><\/div>\n<\/div>\n<p>El campus se desarroll\u00f3 a lo largo de seis jornadas, distribuidas entre ambos municipios, con tres d\u00edas de actividad en Tijarafe y tres en Puntagorda, permitiendo que los participantes disfrutaran de una experiencia formativa basada en la metodolog\u00eda de la Escuela de la UD Las Palmas, donde el aprendizaje a trav\u00e9s del juego, la convivencia y la educaci\u00f3n en valores son los principales protagonistas.<\/p>\n<p>La clausura reuni\u00f3 a familiares, monitores, representantes institucionales y participantes en una jornada muy especial. Los ni\u00f1os y ni\u00f1as realizaron un desfile y ofrecieron una exhibici\u00f3n sobre el terreno de juego, mostrando a sus familias parte del trabajo desarrollado durante la semana y compartiendo algunos de los ejercicios y din\u00e1micas que han formado parte del campus.<\/p>\n<p>Uno de los momentos m\u00e1s esperados lleg\u00f3 con la aparici\u00f3n de P\u00edo P\u00edo, la mascota oficial de la UD Las Palmas, que sorprendi\u00f3 a los m\u00e1s peque\u00f1os y llen\u00f3 de ilusi\u00f3n una clausura marcada por las sonrisas, las fotograf\u00edas y la convivencia.<\/p>\n<p>El acto cont\u00f3 con la presencia de Yeray S\u00e1nchez, director de la Escuela de la UD Las Palmas, y de Manolo L\u00f3pez, exfutbolista profesional de la UD Las Palmas y del CD Tenerife, y actual miembro de la Fundaci\u00f3n UD Las Palmas, quienes hicieron entrega de los diplomas a todos los participantes y compartieron con ellos el cierre de una semana inolvidable.<\/p>\n<p>Tambi\u00e9n asistieron Samuel P\u00e9rez Cruz, Teniente de Alcalde y Concejal Delegado de Servicios P\u00fablicos y Deportes del Ayuntamiento de Tijarafe, y Estefani Michelle M\u00e1rquez Hern\u00e1ndez, Primera Teniente de Alcalde y Concejala de Empleo, Cultura, Fiestas y Deportes del Ayuntamiento de Puntagorda, reafirmando el compromiso de ambas corporaciones municipales con el deporte base y la formaci\u00f3n de los m\u00e1s j\u00f3venes.<\/p>\n<p>La Fundaci\u00f3n UD Las Palmas agradece la implicaci\u00f3n de los Ayuntamientos de Tijarafe y Puntagorda, la confianza depositada por las familias y el trabajo realizado por todo el equipo de monitores, cuya dedicaci\u00f3n ha permitido que esta nueva edici\u00f3n del campus vuelva a ser un \u00e9xito.<\/p>\n<p>Con esta clausura concluye una semana repleta de deporte, compa\u00f1erismo y valores, dejando un magn\u00edfico recuerdo entre todos los participantes y reafirmando el compromiso de la Fundaci\u00f3n UD Las Palmas de seguir acercando el deporte y su modelo educativo a todos los rincones de Canarias.<\/p>\n","protected":false},"excerpt":{"rendered":"<p>El Campus de la UD Las Palmas, organizado por la Fundaci\u00f3n UD Las Palmas a trav\u00e9s de la Escuela de la UD Las Palmas, puso el broche final a una&hellip;<\/p>\n","protected":false},"author":1,"featured_media":2721,"comment_status":"open","ping_status":"open","sticky":false,"template":"","format":"standard","meta":{"wpai_generated_summary":"","wpai_meta_description":"","footnotes":""},"categories":[122],"tags":[],"class_list":["post-2720","post","type-post","status-publish","format-standard","has-post-thumbnail","hentry","category-deportes"],"_links":{"self":[{"href":"https:\/\/nublo.tv\/index.php\/wp-json\/wp\/v2\/posts\/2720","targetHints":{"allow":["GET"]}}],"collection":[{"href":"https:\/\/nublo.tv\/index.php\/wp-json\/wp\/v2\/posts"}],"about":[{"href":"https:\/\/nublo.tv\/index.php\/wp-json\/wp\/v2\/types\/post"}],"author":[{"embeddable":true,"href":"https:\/\/nublo.tv\/index.php\/wp-json\/wp\/v2\/users\/1"}],"replies":[{"embeddable":true,"href":"https:\/\/nublo.tv\/index.php\/wp-json\/wp\/v2\/comments?post=2720"}],"version-history":[{"count":1,"href":"https:\/\/nublo.tv\/index.php\/wp-json\/wp\/v2\/posts\/2720\/revisions"}],"predecessor-version":[{"id":2722,"href":"https:\/\/nublo.tv\/index.php\/wp-json\/wp\/v2\/posts\/2720\/revisions\/2722"}],"wp:featuredmedia":[{"embeddable":true,"href":"https:\/\/nublo.tv\/index.php\/wp-json\/wp\/v2\/media\/2721"}],"wp:attachment":[{"href":"https:\/\/nublo.tv\/index.php\/wp-json\/wp\/v2\/media?parent=2720"}],"wp:term":[{"taxonomy":"category","embeddable":true,"href":"https:\/\/nublo.tv\/index.php\/wp-json\/wp\/v2\/categories?post=2720"},{"taxonomy":"post_tag","embeddable":true,"href":"https:\/\/nublo.tv\/index.php\/wp-json\/wp\/v2\/tags?post=2720"}],"curies":[{"name":"wp","href":"https:\/\/api.w.org\/{rel}","templated":true}]}}