{"id":2723,"date":"2026-08-08T20:08:54","date_gmt":"2026-08-08T19:08:54","guid":{"rendered":"https:\/\/nublo.tv\/?p=2723"},"modified":"2026-08-08T20:26:19","modified_gmt":"2026-08-08T19:26:19","slug":"definidas-las-fechas-y-horarios-de-la-division-de-honor-juvenil-para-la-temporada-2026-27","status":"publish","type":"post","link":"https:\/\/nublo.tv\/index.php\/2026\/08\/08\/definidas-las-fechas-y-horarios-de-la-division-de-honor-juvenil-para-la-temporada-2026-27\/","title":{"rendered":"Definidas las fechas y horarios de la Divisi\u00f3n de Honor Juvenil para la temporada 2026\/27"},"content":{"rendered":"<p><img loading=\"lazy\" decoding=\"async\" class=\"wp-image-2566 aligncenter\" src=\"http:\/\/nublo.tv\/wp-content\/uploads\/2026\/08\/FIFLP_Isologo_Corona_Azul-256x300.jpg\" alt=\"\" width=\"413\" height=\"484\" srcset=\"https:\/\/nublo.tv\/wp-content\/uploads\/2026\/08\/FIFLP_Isologo_Corona_Azul-256x300.jpg 256w, https:\/\/nublo.tv\/wp-content\/uploads\/2026\/08\/FIFLP_Isologo_Corona_Azul.jpg 565w\" sizes=\"auto, (max-width: 413px) 100vw, 413px\" \/><\/p>\n<div>\u00a0<\/div>\n<div>\n<div class=\"row\">\n<div class=\"cols-sm-12\">\n<h2>Diecis\u00e9is equipos integrar\u00e1n el grupo 6, que comenzar\u00e1 el 4 de septiembre y se extender\u00e1 hasta el 2 de mayo<\/h2>\n<\/div>\n<\/div>\n<div class=\"row\">\u00a0<\/div>\n<div class=\"row\">\n<div class=\"cols-sm-12\">\n<p>La\u00a0<strong>Federaci\u00f3n Canaria de F\u00fatbol (FCF)<\/strong>\u00a0ha hecho p\u00fablico el\u00a0<strong>calendario completo oficial<\/strong>, con\u00a0<strong>fechas, horarios y campos<\/strong>, de la<strong>\u00a0Divisi\u00f3n de Honor Juvenil de f\u00fatbol<\/strong>. Los equipos canarios que componen el\u00a0<strong>Grupo 6<\/strong>\u00a0de la m\u00e1xima categor\u00eda nacional de juveniles\u00a0comenzar\u00e1n el campeonato liguero el pr\u00f3ximo\u00a0<strong>4 de septiembre<\/strong>\u00a0y pondr\u00e1 el punto final a su fase regular el\u00a0<strong>2 de mayo<\/strong>.<\/p>\n<p><strong>La primera jornada se disputar\u00e1 con los siguientes emparejamientos y horarios:<\/strong><\/p>\n<p><strong>S.D. San Jos\u00e9 \u2013 At. Barranco Hondo<\/strong>\u00a0(04\/09\/2026 \u2013 21:00 \u2013 Campo Municipal de F\u00fatbol Las Delicias \u201cJuan P\u00e9rez Fumero\u201d<br \/><strong>Arucas C.F. \u2013 U.D. Longuera<\/strong>\u00a0(05\/09\/2026 \u2013 11:00 horas \u2013 Complejo Deportivo Municipal Manuel Pablo de Ba\u00f1aderos)<br \/><strong>C.D. Uni\u00f3n Sur Yaiza \u2013 C.D. Sobradillo<\/strong>\u00a0(05\/09\/2026 \u2013 12:00 horas \u2013 Municipal de Yaiza)<br \/><strong>Acodetti C.F. \u2013 U.D. Las Palmas<\/strong>\u00a0(05\/09\/2026 \u2013 12:00 horas \u2013 La Mayordomia 1)<br \/><strong>C.D. Herbania \u2013 C.E.F. Puertos de Las Palmas<\/strong>\u00a0(05\/09\/2026 \u2013 13:00 horas \u2013 Municipal de Los Pozos)<br \/><strong>C.D. 35600 \u2013 C.D. Tenerife<\/strong>\u00a0(05\/09\/2026 \u2013 17:00 horas \u2013 Francisco Meli\u00e1n)<br \/><strong>C.D. Mensajero \u2013 C.F. Uni\u00f3n Viera<\/strong>\u00a0(06\/09\/2026 \u2013 12:00 horas \u2013 Silvestre Carrillo)<br \/><strong>U.D. Las Zocas \u2013 A.D. Hurac\u00e1n<\/strong>\u00a0(06\/09\/2026 \u2013 12:00 horas \u2013 Juanito Marrero)<\/p>\n<p>Una vez se d\u00e9 por concluido el campeonato regular de la Divisi\u00f3n de Honor, llegar\u00e1 el turno de la Copa de Campeones, que volver\u00e1 a concentrar a los mejores equipos del pa\u00eds en la lucha por el t\u00edtulo nacional. Los cuartos de final se disputar\u00e1n los d\u00edas\u00a09 y 12 de mayo, mientras que la fase final tendr\u00e1 lugar del\u00a019 al 23\u00a0del mismo mes.<\/p>\n<p>En cuanto a la Copa del Rey Juvenil, la competici\u00f3n arrancar\u00e1 con la eliminatoria de dieciseisavos de final, prevista para el\u00a017 de enero. Los octavos se disputar\u00e1n el\u00a027 de ese mismo mes, mientras que los cuartos de final tendr\u00e1n lugar el\u00a017 de febrero. Las semifinales est\u00e1n fijadas para el\u00a010 de marzo\u00a0y la gran final se celebrar\u00e1 el\u00a017 de abril, fecha en la que se coronar\u00e1 al nuevo campe\u00f3n del torneo del KO.<\/p>\n<p>CALENDARIO COMPLETO:\u00a0<strong><a href=\"https:\/\/www.federacioncanariafutbol.es\/pnfg\/NPcd\/NFG_CmpJornada?cod_primaria=1000120&amp;CodCompeticion=903611915&amp;CodGrupo=903611916&amp;CodTemporada=22&amp;cod_agrupacion=&amp;CodJornada=1&amp;Sch_Tipo_Juego=\" target=\"_blank\" rel=\"noopener noreferrer\">AQU\u00cd<\/a><\/strong><\/p>\n<\/div>\n<\/div>\n<\/div>\n\n\n<p class=\"wp-block-paragraph\"><\/p>\n","protected":false},"excerpt":{"rendered":"<p>Diecis\u00e9is equipos integrar\u00e1n el grupo 6, que comenzar\u00e1 el 4 de septiembre y se extender\u00e1 hasta el 2 de mayo &#8211; Federaci\u00f3n de F\u00fatbol de Las Palmas<\/p>\n","protected":false},"author":1,"featured_media":2724,"comment_status":"open","ping_status":"open","sticky":false,"template":"","format":"standard","meta":{"wpai_generated_summary":"","wpai_meta_description":"","footnotes":""},"categories":[122],"tags":[],"class_list":["post-2723","post","type-post","status-publish","format-standard","has-post-thumbnail","hentry","category-deportes"],"_links":{"self":[{"href":"https:\/\/nublo.tv\/index.php\/wp-json\/wp\/v2\/posts\/2723","targetHints":{"allow":["GET"]}}],"collection":[{"href":"https:\/\/nublo.tv\/index.php\/wp-json\/wp\/v2\/posts"}],"about":[{"href":"https:\/\/nublo.tv\/index.php\/wp-json\/wp\/v2\/types\/post"}],"author":[{"embeddable":true,"href":"https:\/\/nublo.tv\/index.php\/wp-json\/wp\/v2\/users\/1"}],"replies":[{"embeddable":true,"href":"https:\/\/nublo.tv\/index.php\/wp-json\/wp\/v2\/comments?post=2723"}],"version-history":[{"count":4,"href":"https:\/\/nublo.tv\/index.php\/wp-json\/wp\/v2\/posts\/2723\/revisions"}],"predecessor-version":[{"id":2740,"href":"https:\/\/nublo.tv\/index.php\/wp-json\/wp\/v2\/posts\/2723\/revisions\/2740"}],"wp:featuredmedia":[{"embeddable":true,"href":"https:\/\/nublo.tv\/index.php\/wp-json\/wp\/v2\/media\/2724"}],"wp:attachment":[{"href":"https:\/\/nublo.tv\/index.php\/wp-json\/wp\/v2\/media?parent=2723"}],"wp:term":[{"taxonomy":"category","embeddable":true,"href":"https:\/\/nublo.tv\/index.php\/wp-json\/wp\/v2\/categories?post=2723"},{"taxonomy":"post_tag","embeddable":true,"href":"https:\/\/nublo.tv\/index.php\/wp-json\/wp\/v2\/tags?post=2723"}],"curies":[{"name":"wp","href":"https:\/\/api.w.org\/{rel}","templated":true}]}}